{"id":7513,"date":"2025-12-07T17:13:47","date_gmt":"2025-12-07T16:13:47","guid":{"rendered":"https:\/\/onderoad.radiopopolare.it\/?p=7513"},"modified":"2026-01-13T09:14:48","modified_gmt":"2026-01-13T08:14:48","slug":"a-parigi-con-il-tgv","status":"publish","type":"post","link":"https:\/\/onderoad.radiopopolare.it\/?p=7513","title":{"rendered":"A Parigi con il TGV"},"content":{"rendered":"<p><img loading=\"lazy\" decoding=\"async\" class=\"alignnone size-medium wp-image-7514\" src=\"https:\/\/onderoad.radiopopolare.it\/wp-content\/uploads\/2026\/01\/01_Parigi-800x471.jpg\" alt=\"\" width=\"800\" height=\"471\" srcset=\"https:\/\/onderoad.radiopopolare.it\/wp-content\/uploads\/2026\/01\/01_Parigi-800x471.jpg 800w, https:\/\/onderoad.radiopopolare.it\/wp-content\/uploads\/2026\/01\/01_Parigi-768x452.jpg 768w, https:\/\/onderoad.radiopopolare.it\/wp-content\/uploads\/2026\/01\/01_Parigi-646x380.jpg 646w, https:\/\/onderoad.radiopopolare.it\/wp-content\/uploads\/2026\/01\/01_Parigi.jpg 1200w\" sizes=\"auto, (max-width: 800px) 100vw, 800px\" \/><\/p>\n<p>Prima di visitare Parigi bisogna arrivarci. Finalmente si pu\u00f2 tornare a farlo in treno, a bordo del mitico TGV. L\u2019ha sperimentato per noi <strong>Giulia Strippoli<\/strong> che durante il viaggio ha chiacchierato con <strong>Pamela Aiuolo<\/strong> di <strong><em><a href=\"https:\/\/www.sncf-connect.com\/it-it\">SNCF Voyage Italia<\/a><\/em><\/strong>, che racconta le specificit\u00e0 di questo viaggio. Un viaggio che, oltre a regalare buoni sconto per musei e ristoranti parigini, \u00e8 uno dei modi di viaggiare pi\u00f9 ecologicamente sostenibili.<br \/>\nA proposito di soste va ricordato che la capitale francese \u00e8 la citt\u00e0 che pi\u00f9 sta sperimentando tecniche green di sopravvivenza urbana in tempi di crisi climatica. Un esempio da imitare \u00e8 quanto fatto, agli inizi del 2020, a Porte de Montreuil, nella cintura orientale di Parigi. Lavori che oggi le permettono di essere diventato un quartiere a emissione zero.<\/p>\n<p><strong>Veronica Gennari<\/strong>, una delle nostre corrispondenti da Parigi, ci ricorda di non andare al Centre Pompidou che \u00e8 chiuso sino al 2030 per lavori di ristrutturazione e ammodernamento. Veronica per\u00f2 ci ricorda dove saranno \u2018parcheggiate\u2019 molte sue opere in modo che possano essere visitate in questi 5 anni.<br \/>\nUtilizzando come guida il libro di <strong>Flavia Capitani<\/strong> \u201cA Parigi con Serge Gainsbourg. Sulle strade della rivoluzione con Jane Birkin\u201d,&nbsp;un prezioso volumetto che fa parte di una ricca collana di Giulio Perrone editore che esplora luoghi e citt\u00e0 seguendo vita e opere dei grandi artisti della storia, si possono ripercorre alcune geografie del celeberrimo \u2018cantautore maledetto\u2019 e della sua musa. Si pu\u00f2 partire da Lilas, \u201ca est della citt\u00e0, un po\u2019 fuori&nbsp;dai venti arrondissements\u201d scrive Flavia Capitani \u201cperch\u00e9 quella zona ha ispirato il suo primo successo, Le poin\u00e7onneur des Lilas, pubblicato nel 1958\u201d. Ed arrivare sino alla <strong>Maison Gainsbourg<\/strong>, una meta con due indirizzi: il leggendario interno al&nbsp;numero 5 bis di rue de Verneuil; e&nbsp;dall&#8217;altro lato della strada, al&nbsp;civico 14, un museo, una libreria-boutique e un caf\u00e9 piano-bar chiamato Gainsbarre.<br \/>\n<strong>Marzia Fiorito<\/strong>, storica dell\u2019arte, ci ricorda che Parigi \u00e8 donna. Per sincerarsene consiglia una visita al Pantheon per visitare gli spazi dedicati a sette donne che hanno fatto la storia (tra queste <strong>Maria Sk\u0142odowska Curie<\/strong> ). Troppo poche (e con gravi ritardi) rispetto agli 82 uomini pantheonizzati\u2026<br \/>\n<strong>Veronica Gennari<\/strong> chiude la puntata ricordandoci alcuni locali dove andare ad ascoltare ottima musica. Oltre al <strong><a href=\"https:\/\/www.bataclan.fr\/\"><em>Bataclan<\/em><\/a><\/strong>&nbsp;, che a 10 anni dalla strage del 13 novembre 2015, continua ad ospitare concerti prevalentemente di rock e punk, Veronica segnala, per chi \u00e8 interessato a scoprire giovani artisti francesi, <em><strong><a href=\"https:\/\/www.lamaroquinerie.fr\/\">La Maroquinerie<\/a><\/strong><\/em>&nbsp;nel XX\u00b0 arrondissement.<\/p>\n<p><em><strong><span style=\"color: #467886;\"><a href=\"https:\/\/www.franceguide.com\/\" target=\"_blank\" rel=\"noopener\">www.franceguide.com<\/a>&nbsp; &nbsp; &nbsp;&nbsp;<\/span><span style=\"color: #467886;\"><u><a href=\"mailto:info.it@franceguide.com\">info.it@franceguide.com<\/a><\/u><\/span><\/strong><\/em><\/p>\nngg_shortcode_0_placeholder\n","protected":false},"excerpt":{"rendered":"<p>Prima di visitare Parigi bisogna arrivarci. Finalmente si pu\u00f2 tornare a farlo in treno, a bordo del mitico TGV. L\u2019ha sperimentato per noi Giulia Strippoli che durante il viaggio ha chiacchierato con Pamela Aiuolo di SNCF Voyage Italia, che racconta le specificit\u00e0 di questo viaggio. Un viaggio che, oltre a regalare buoni sconto per musei &hellip; <a href=\"https:\/\/onderoad.radiopopolare.it\/?p=7513\" class=\"more-link\">Continua a leggere <span class=\"screen-reader-text\">A Parigi con il TGV<\/span><\/a><\/p>\n","protected":false},"author":1,"featured_media":0,"comment_status":"open","ping_status":"open","sticky":false,"template":"","format":"standard","meta":{"ngg_post_thumbnail":0,"footnotes":""},"categories":[1],"tags":[],"class_list":["post-7513","post","type-post","status-publish","format-standard","hentry","category-uncategorized","without-featured-image"],"_links":{"self":[{"href":"https:\/\/onderoad.radiopopolare.it\/index.php?rest_route=\/wp\/v2\/posts\/7513","targetHints":{"allow":["GET"]}}],"collection":[{"href":"https:\/\/onderoad.radiopopolare.it\/index.php?rest_route=\/wp\/v2\/posts"}],"about":[{"href":"https:\/\/onderoad.radiopopolare.it\/index.php?rest_route=\/wp\/v2\/types\/post"}],"author":[{"embeddable":true,"href":"https:\/\/onderoad.radiopopolare.it\/index.php?rest_route=\/wp\/v2\/users\/1"}],"replies":[{"embeddable":true,"href":"https:\/\/onderoad.radiopopolare.it\/index.php?rest_route=%2Fwp%2Fv2%2Fcomments&post=7513"}],"version-history":[{"count":2,"href":"https:\/\/onderoad.radiopopolare.it\/index.php?rest_route=\/wp\/v2\/posts\/7513\/revisions"}],"predecessor-version":[{"id":7584,"href":"https:\/\/onderoad.radiopopolare.it\/index.php?rest_route=\/wp\/v2\/posts\/7513\/revisions\/7584"}],"wp:attachment":[{"href":"https:\/\/onderoad.radiopopolare.it\/index.php?rest_route=%2Fwp%2Fv2%2Fmedia&parent=7513"}],"wp:term":[{"taxonomy":"category","embeddable":true,"href":"https:\/\/onderoad.radiopopolare.it\/index.php?rest_route=%2Fwp%2Fv2%2Fcategories&post=7513"},{"taxonomy":"post_tag","embeddable":true,"href":"https:\/\/onderoad.radiopopolare.it\/index.php?rest_route=%2Fwp%2Fv2%2Ftags&post=7513"}],"curies":[{"name":"wp","href":"https:\/\/api.w.org\/{rel}","templated":true}]}}