{"id":7468,"date":"2025-08-03T17:55:27","date_gmt":"2025-08-03T16:55:27","guid":{"rendered":"https:\/\/onderoad.radiopopolare.it\/?p=7468"},"modified":"2025-08-06T11:23:22","modified_gmt":"2025-08-06T10:23:22","slug":"unoriginale-pagina-di-lotta-partigiana-sulle-dolomiti-bellunesi","status":"publish","type":"post","link":"https:\/\/onderoad.radiopopolare.it\/?p=7468","title":{"rendered":"Un\u2019originale pagina di lotta partigiana sulle Dolomiti bellunesi"},"content":{"rendered":"<p><img loading=\"lazy\" decoding=\"async\" class=\"alignnone size-medium wp-image-7469\" src=\"https:\/\/onderoad.radiopopolare.it\/wp-content\/uploads\/2025\/08\/01_Harold-William-\u00abBill\u00bb-Tilman-800x393.jpg\" alt=\"\" width=\"800\" height=\"393\" srcset=\"https:\/\/onderoad.radiopopolare.it\/wp-content\/uploads\/2025\/08\/01_Harold-William-\u00abBill\u00bb-Tilman-800x393.jpg 800w, https:\/\/onderoad.radiopopolare.it\/wp-content\/uploads\/2025\/08\/01_Harold-William-\u00abBill\u00bb-Tilman-768x378.jpg 768w, https:\/\/onderoad.radiopopolare.it\/wp-content\/uploads\/2025\/08\/01_Harold-William-\u00abBill\u00bb-Tilman-773x380.jpg 773w, https:\/\/onderoad.radiopopolare.it\/wp-content\/uploads\/2025\/08\/01_Harold-William-\u00abBill\u00bb-Tilman.jpg 1100w\" sizes=\"auto, (max-width: 800px) 100vw, 800px\" \/><\/p>\n<p><span style=\"color: #404040;\"><span style=\"font-family: 'Times New Roman', serif;\"><span style=\"font-size: large;\">Intorno alla mezzanotte del 31 agosto 1944, il celebre esploratore <\/span><\/span><\/span><em><span style=\"color: #404040;\"><span style=\"font-family: 'Times New Roman', serif;\"><span style=\"font-size: large;\"><i><b>Harold William \u00abBill\u00bb Tilman <\/b><\/i><\/span><\/span><\/span><\/em><span style=\"color: #404040;\"><span style=\"font-family: 'Times New Roman', serif;\"><span style=\"font-size: large;\">si fa paracadutare dagli Alleati sulle Dolomiti Bellunesi. Con due milioni di lire in tasca per finanziare la guerriglia partigiana, raggiunge il suo posto operativo a fianco dei partigiani della brigata \u201cGramsci\u201d del comandante Bruno. Nato nel Cheshire nel 1898, Tilman \u00e8 il continuatore di quella tradizione tutta britannica che ha portato a sventolare l\u2019Union Jack negli ultimi luoghi inesplorati della Terra.<\/span><\/span><\/span><br \/>\n<span style=\"color: #404040;\"><span style=\"font-family: 'Times New Roman', serif;\"><span style=\"font-size: large;\">Negli anni trenta insieme ad Eric Shipton divennero la punta di diamante delle esplorazioni coordinate dalle Societ\u00e0 Reali inglesi. Nel dopoguerra Tilman si dedic\u00f2 alle esplorazioni negli angoli pi\u00f9 remoti dell\u2019Asia. Quasi sessantenne scopr\u00ec il fascino del mare dedicandosi all\u2019esplorazione dei fiordi e dei canali Patagonici, dell\u2019Antartide, di sperdute isole come le Kerguelen e le Spitsbergen. Nel 1977, alla soglia degli 80 anni, scomparve con il suo cutter durante una traversata da Rio de Janeiro a Port Stanley nelle Falkland. Con <\/span><\/span><\/span><em><span style=\"color: #404040;\"><span style=\"font-family: 'Times New Roman', serif;\"><span style=\"font-size: large;\"><i><b>Marco Albino Ferrari<\/b><\/i><\/span><\/span><\/span><\/em><span style=\"color: #404040;\"><span style=\"font-family: 'Times New Roman', serif;\"><span style=\"font-size: large;\">, autore di \u201cIl sentiero degli eroi \u2013 Dolomiti 1944. Una storia di resistenza\u201d (Rizzoli Editore), raccontiamo la storia di questo inglese imperturbabile, di poche parole, sempre con il bocchino della pipa tra i denti. Sa muoversi di notte attraverso foreste, valli secondarie e sentieri nascosti, ma \u00e8 davanti all\u2019accerchiamento finale dei nazisti che il suo spirito combattivo si manifesta. Insieme a quindici uomini trova un nascondiglio sulla parete nord del <\/span><\/span><\/span><em><span style=\"color: #404040;\"><span style=\"font-family: 'Times New Roman', serif;\"><span style=\"font-size: large;\"><i><b>Monte Ramezza<\/b><\/i><\/span><\/span><\/span><\/em><span style=\"color: #404040;\"><span style=\"font-family: 'Times New Roman', serif;\"><span style=\"font-size: large;\">, dove rimarr\u00e0 tre giorni senza mangiare, sotto la tormenta, senza potersi muovere, e con le vie di uscita bloccate. Quelle montagne meravigliose diventano una trappola mortale, che la neve contribuisce a rendere perfetta. Le montagne (oggi \u2018protagoniste\u2019 del <\/span><\/span><\/span><span style=\"font-size: large;\"><a href=\"https:\/\/www.dolomitipark.it\/\"><span style=\"color: #404040;\"><span style=\"font-family: 'Times New Roman', serif;\"><span style=\"color: #ff0000;\"><i><b>Parco Nazionale delle<\/b><\/i> <strong><em>Dolomiti<\/em><\/strong><\/span><i><b><span style=\"color: #ff0000;\"> Bellunesi<\/span><\/b><\/i><\/span><\/span><\/a>&nbsp;<\/span><span style=\"color: #404040;\"><span style=\"font-family: 'Times New Roman', serif;\"><span style=\"font-size: large;\">) <\/span><\/span><\/span><span style=\"color: #404040;\"><span style=\"font-family: 'Times New Roman', serif;\"><span style=\"font-size: large;\">sono sono quelle feltrine: un segmento di Dolomiti ingiustamente trascurate, come ci confermano Marcella Morandini (direttore <\/span><\/span><\/span><span style=\"font-size: large; color: #ff0000;\"><a href=\"https:\/\/www.dolomitiunesco.info\/\"><em><strong><span style=\"font-family: 'Times New Roman', serif;\">Fondazione Dolomiti Unesco <\/span><\/strong><\/em><\/a><\/span> <span style=\"color: #404040;\"><span style=\"font-family: 'Times New Roman', serif;\"><span style=\"font-size: large;\">)<\/span><\/span><\/span><i> <\/i><span style=\"color: #404040;\"><span style=\"font-family: 'Times New Roman', serif;\"><span style=\"font-size: large;\">e Enrico Bacchetti (direttore<\/span><\/span><\/span> <span style=\"color: #404040;\"><span style=\"font-family: 'Source Sans Pro', Arial, sans-serif;\"><span style=\"font-size: medium;\">dell\u2019<\/span><\/span><\/span><span style=\"color: #ff0000;\"><a href=\"https:\/\/www.dolomitiunesco.info\/\"><span style=\"font-family: 'Times New Roman', serif;\"><span style=\"font-size: large;\"><i><b>Isbrec<\/b><\/i><\/span><\/span> <span style=\"font-family: 'Source Sans Pro', Arial, sans-serif;\"><span style=\"font-size: medium;\">\u2013 <\/span><\/span><em><span style=\"font-family: 'Times New Roman', serif;\"><span style=\"font-size: large;\"><i><b>Istituto Storico Bellunese della Resistenza e dell\u2019Et\u00e0 Contemporanea <\/b><\/i><\/span><\/span><\/em><\/a><\/span><em><span style=\"color: #404040;\"><span style=\"font-family: inherit;\"><span style=\"font-size: medium;\"><i>). <\/i><\/span><\/span><\/span><\/em><span style=\"color: #404040;\"><span style=\"font-family: 'Times New Roman', serif;\"><span style=\"font-size: large;\">Per chi volesse seguire le orme di Tilman e degli uomini che erano con lui, Roberto Mezzacasa ha \u2018inventato\u2019 l\u2019 <\/span><\/span><\/span><em><span style=\"color: #404040;\"><span style=\"font-family: 'Times New Roman', serif;\"><span style=\"font-size: large;\"><i><b>Alta Via Tilman<\/b><\/i><\/span><\/span><\/span><\/em><span style=\"color: #404040;\"><span style=\"font-family: 'Times New Roman', serif;\"><span style=\"font-size: large;\">. Partenza da Falcade, segnata da un bassorilievo dello scultore Franco Murer. Si raggiunge Caviola, poi Forcella della Stia, la valle di Gar\u00e9s e di San Lucano. Si entra quindi nel Parco nazionale delle Dolomiti Bellunesi attraversando la Riserva naturale Piani Eterni \u2013 Erera \u2013 Val Falcina, quindi verso il Cimonega e le Vette Feltrine. Raggiunto il Monte Grappa si cala fino a Valstagna. Si sale quindi verso l\u2019Altopiano dei Sette Comuni percorrendo i 4.444 scalini della Cal\u00e0 del Sasso, poi Col del Rosso, Cima Ekar, contrada Bertigo a Gallio, Zocchi per terminare al sacrario militare di Asiago. Un percorso che pu\u00f2 essere suddiviso in 10 tappe, tutte di un certo impegno.<\/span><\/span><\/span><\/p>\nngg_shortcode_0_placeholder\n","protected":false},"excerpt":{"rendered":"<p>Intorno alla mezzanotte del 31 agosto 1944, il celebre esploratore Harold William \u00abBill\u00bb Tilman si fa paracadutare dagli Alleati sulle Dolomiti Bellunesi. Con due milioni di lire in tasca per finanziare la guerriglia partigiana, raggiunge il suo posto operativo a fianco dei partigiani della brigata \u201cGramsci\u201d del comandante Bruno. Nato nel Cheshire nel 1898, Tilman &hellip; <a href=\"https:\/\/onderoad.radiopopolare.it\/?p=7468\" class=\"more-link\">Continua a leggere <span class=\"screen-reader-text\">Un\u2019originale pagina di lotta partigiana sulle Dolomiti bellunesi<\/span><\/a><\/p>\n","protected":false},"author":1,"featured_media":0,"comment_status":"open","ping_status":"open","sticky":false,"template":"","format":"standard","meta":{"ngg_post_thumbnail":0,"footnotes":""},"categories":[1],"tags":[],"class_list":["post-7468","post","type-post","status-publish","format-standard","hentry","category-uncategorized","without-featured-image"],"_links":{"self":[{"href":"https:\/\/onderoad.radiopopolare.it\/index.php?rest_route=\/wp\/v2\/posts\/7468","targetHints":{"allow":["GET"]}}],"collection":[{"href":"https:\/\/onderoad.radiopopolare.it\/index.php?rest_route=\/wp\/v2\/posts"}],"about":[{"href":"https:\/\/onderoad.radiopopolare.it\/index.php?rest_route=\/wp\/v2\/types\/post"}],"author":[{"embeddable":true,"href":"https:\/\/onderoad.radiopopolare.it\/index.php?rest_route=\/wp\/v2\/users\/1"}],"replies":[{"embeddable":true,"href":"https:\/\/onderoad.radiopopolare.it\/index.php?rest_route=%2Fwp%2Fv2%2Fcomments&post=7468"}],"version-history":[{"count":2,"href":"https:\/\/onderoad.radiopopolare.it\/index.php?rest_route=\/wp\/v2\/posts\/7468\/revisions"}],"predecessor-version":[{"id":7489,"href":"https:\/\/onderoad.radiopopolare.it\/index.php?rest_route=\/wp\/v2\/posts\/7468\/revisions\/7489"}],"wp:attachment":[{"href":"https:\/\/onderoad.radiopopolare.it\/index.php?rest_route=%2Fwp%2Fv2%2Fmedia&parent=7468"}],"wp:term":[{"taxonomy":"category","embeddable":true,"href":"https:\/\/onderoad.radiopopolare.it\/index.php?rest_route=%2Fwp%2Fv2%2Fcategories&post=7468"},{"taxonomy":"post_tag","embeddable":true,"href":"https:\/\/onderoad.radiopopolare.it\/index.php?rest_route=%2Fwp%2Fv2%2Ftags&post=7468"}],"curies":[{"name":"wp","href":"https:\/\/api.w.org\/{rel}","templated":true}]}}