{"id":734,"date":"2013-06-16T12:40:37","date_gmt":"2013-06-16T11:40:37","guid":{"rendered":"http:\/\/blogs.radiopopolare.it\/onderoad\/?p=734"},"modified":"2013-06-25T15:05:43","modified_gmt":"2013-06-25T14:05:43","slug":"la-spezia-tra-mare-e-muro","status":"publish","type":"post","link":"https:\/\/onderoad.radiopopolare.it\/?p=734","title":{"rendered":"La Spezia, tra mare e muro"},"content":{"rendered":"<p style=\"text-align: justify;\"><img loading=\"lazy\" decoding=\"async\" class=\"aligncenter size-large wp-image-735\" alt=\"OLYMPUS DIGITAL CAMERA\" src=\"http:\/\/blogs.radiopopolare.it\/onderoad\/wp-content\/uploads\/2013\/06\/Torre-Scuolaedit-1024x531.jpg\" width=\"640\" height=\"331\" srcset=\"https:\/\/onderoad.radiopopolare.it\/wp-content\/uploads\/2013\/06\/Torre-Scuolaedit-1024x531.jpg 1024w, https:\/\/onderoad.radiopopolare.it\/wp-content\/uploads\/2013\/06\/Torre-Scuolaedit-300x155.jpg 300w\" sizes=\"auto, (max-width: 640px) 100vw, 640px\" \/><\/p>\n<p style=\"text-align: justify;\">Il Golfo della Spezia \u00e8 stato soprannominato &#8220;Golfo dei Poeti&#8221; dal commediografo Sem Benelli intorno agli anni Dieci del Novecento. Per ricordare che in questo posto hanno dimorato grandi poeti e scrittori della tradizione romantica come Byron, D. H. Lawrence, Mary Shelley e Percy Shelley. Andando da un capo all&#8217;altro di questa mezzaluna marina, da Lerici a Porto Venere, si possono scorgere tipi di paesaggio molto diversi tra loro, fatti di casette colorate accastate una sull&#8217;altra o di zone il cui accesso \u00e8 rigorosamente vietato, perch\u00e9 propriet\u00e0 della Marina Militare. C&#8217;\u00e8 il porto commerciale, ci sono imbarcazioni moderne e altre decisamente pi\u00f9 datate, ci sono le isolette della Palmaria, del Tino e del Tinetto, praticamente deserte. Ma a Spezia ci sono anche altre realt\u00e0: ad esempio quella dei &#8220;Murati Vivi&#8221; di Marola. Questa borgata marinata ha perso l&#8217;accesso al mare pi\u00f9 di un secolo fa e non \u00e8 riuscita a recuperarlo: i possessori di un&#8217;imbarcazione hanno un lasciapassare per il molo, ma gli altri? A parlarci dei Murati Vivi e della goliardica incursione nelle zone off-limits riuscita grazie ad un abile travestimento da turisti in crociera \u00e8 stato Fabio Baccini dell&#8217;associazione &#8220;Murati Vivi&#8221; di Marola. Un&#8217;altra voce di questo viaggio a La Spezia \u00e8 poi quella di Armando Napoletano, un giornalista sportivo che ha raccontato la storia dello scudetto vinto dallo Spezia nel 1944. All&#8217;Arena Civica di Milano c&#8217;\u00e8 una targa che ricorda questa impresa calcistica avvenuta tra mille difficolt\u00e0. Anche il riconoscimento ufficiale di questa vittoria ha avuto un percorso accidentato&#8230; A proposito di guerra e di Resistenza: a un quarto d&#8217;ora di treno da Spezia c&#8217;\u00e8 Sarzana. E da quelle parti, attraverso un percorso tutto curve, si arriva a Fosdinovo. Qui c&#8217;\u00e8 il Museo audiovisivo della Resistenza, una ex-colonia per bambini costruita nel 1948 dai Partigiani; il materiale a disposizione \u00e8 a dir poco avveniristico: testimonianze audio-video, mappe e filmati sono interattivi e multimediali. E al Museo vengono ogni anno tante persone anche per seguire il festival &#8220;Fino al cuore della Rivolta&#8221;, organizzato dall&#8217;associazione &#8220;Archivi della Resistenza&#8221; e articolato in due momenti (per la festa della Liberazione e durante l&#8217;estate) fatti di incontri, esibizioni teatrali, dibattiti e musica. Le voci che ci hanno raccontato del museo sono quelle di Simona Mussini e Alessio Giannanti.<\/p>\n<h3>Ascolta il podcast: <\/h3>\nngg_shortcode_0_placeholder\n","protected":false},"excerpt":{"rendered":"<p>Il Golfo della Spezia \u00e8 stato soprannominato &#8220;Golfo dei Poeti&#8221; dal commediografo Sem Benelli intorno agli anni Dieci del Novecento. Per ricordare che in questo posto hanno dimorato grandi poeti e scrittori della tradizione romantica come Byron, D. H. Lawrence, Mary Shelley e Percy Shelley. Andando da un capo all&#8217;altro di questa mezzaluna marina, da &hellip; <a href=\"https:\/\/onderoad.radiopopolare.it\/?p=734\" class=\"more-link\">Continua a leggere <span class=\"screen-reader-text\">La Spezia, tra mare e muro<\/span><\/a><\/p>\n","protected":false},"author":2,"featured_media":0,"comment_status":"open","ping_status":"open","sticky":false,"template":"","format":"standard","meta":{"ngg_post_thumbnail":0,"footnotes":""},"categories":[1],"tags":[],"class_list":["post-734","post","type-post","status-publish","format-standard","hentry","category-uncategorized","without-featured-image"],"_links":{"self":[{"href":"https:\/\/onderoad.radiopopolare.it\/index.php?rest_route=\/wp\/v2\/posts\/734","targetHints":{"allow":["GET"]}}],"collection":[{"href":"https:\/\/onderoad.radiopopolare.it\/index.php?rest_route=\/wp\/v2\/posts"}],"about":[{"href":"https:\/\/onderoad.radiopopolare.it\/index.php?rest_route=\/wp\/v2\/types\/post"}],"author":[{"embeddable":true,"href":"https:\/\/onderoad.radiopopolare.it\/index.php?rest_route=\/wp\/v2\/users\/2"}],"replies":[{"embeddable":true,"href":"https:\/\/onderoad.radiopopolare.it\/index.php?rest_route=%2Fwp%2Fv2%2Fcomments&post=734"}],"version-history":[{"count":5,"href":"https:\/\/onderoad.radiopopolare.it\/index.php?rest_route=\/wp\/v2\/posts\/734\/revisions"}],"predecessor-version":[{"id":739,"href":"https:\/\/onderoad.radiopopolare.it\/index.php?rest_route=\/wp\/v2\/posts\/734\/revisions\/739"}],"wp:attachment":[{"href":"https:\/\/onderoad.radiopopolare.it\/index.php?rest_route=%2Fwp%2Fv2%2Fmedia&parent=734"}],"wp:term":[{"taxonomy":"category","embeddable":true,"href":"https:\/\/onderoad.radiopopolare.it\/index.php?rest_route=%2Fwp%2Fv2%2Fcategories&post=734"},{"taxonomy":"post_tag","embeddable":true,"href":"https:\/\/onderoad.radiopopolare.it\/index.php?rest_route=%2Fwp%2Fv2%2Ftags&post=734"}],"curies":[{"name":"wp","href":"https:\/\/api.w.org\/{rel}","templated":true}]}}