{"id":7219,"date":"2025-04-27T19:44:11","date_gmt":"2025-04-27T18:44:11","guid":{"rendered":"https:\/\/onderoad.radiopopolare.it\/?p=7219"},"modified":"2025-04-28T09:48:06","modified_gmt":"2025-04-28T08:48:06","slug":"irlanda-del-nord-con-radio-popolare","status":"publish","type":"post","link":"https:\/\/onderoad.radiopopolare.it\/?p=7219","title":{"rendered":"Irlanda del Nord con Radio Popolare"},"content":{"rendered":"<p><img loading=\"lazy\" decoding=\"async\" class=\"alignnone size-medium wp-image-7220\" src=\"https:\/\/onderoad.radiopopolare.it\/wp-content\/uploads\/2025\/04\/01-Dunluce-Castle-800x450.jpg\" alt=\"\" width=\"800\" height=\"450\" srcset=\"https:\/\/onderoad.radiopopolare.it\/wp-content\/uploads\/2025\/04\/01-Dunluce-Castle-800x450.jpg 800w, https:\/\/onderoad.radiopopolare.it\/wp-content\/uploads\/2025\/04\/01-Dunluce-Castle-768x432.jpg 768w, https:\/\/onderoad.radiopopolare.it\/wp-content\/uploads\/2025\/04\/01-Dunluce-Castle-676x380.jpg 676w, https:\/\/onderoad.radiopopolare.it\/wp-content\/uploads\/2025\/04\/01-Dunluce-Castle.jpg 1920w\" sizes=\"auto, (max-width: 800px) 100vw, 800px\" \/><\/p>\n<p>Nuovo viaggio in Irlanda del Nord per gli ascoltatori di Radio Popolare: 17 \u2013 22 giugno, accompagnati dalla redattrice <strong>Clarice Trombella<\/strong> (info: <a href=\"https:\/\/www.viaggiemiraggi.org\/viaggio\/viaggio-a-belfast-con-radio-popolare\/\"><em><strong>https:\/\/www.viaggiemiraggi.org\/viaggio\/viaggio-a-belfast-con-radio-popolare\/<\/strong><\/em><\/a>). Due suggerimenti per prepararsi al viaggio.<\/p>\n<p><strong>Enrico Terrinoni<\/strong> ci parla di <strong>The Flats<\/strong>, uno dei documentari irlandesi pi\u00f9 significativi degli ultimi anni. Si tratta di un lavoro diretto da <strong>Alessandra Celesia<\/strong>, regista italiana che vive tra Parigi e Belfast. E&#8217; una storia intensa e poetica, incentrata sulla rievocazione della memoria collettiva in una delle aree della capitale nordirlandese pi\u00f9 colpite dal conflitto, ha gi\u00e0 vinto come \u00abmiglior documentario\u00bb il premio irlandese pi\u00f9 importante, gli Irish Film &amp; Television Awards nel 2025, ed \u00e8 attualmente in corsa ai David di Donatello nella sezione Documentari. \u201cRacconta\u201d ci dice Terrinoni \u201cuno squarcio di esistenza nella vita di una comunit\u00e0, quella dei repubblicani che vivono nelle zone popolari di Belfast. Un gruppo di loro \u00e8 alle prese con il coraggio di riesumare un passato doloroso, e al contempo di esorcizzare un presente altrettanto pieno di fantasmi e ombre. Al centro c\u2019\u00e8 Joe, un bambino di nove anni all\u2019epoca in cui suo zio (\u00ablo zio pi\u00f9 giovane, lo zio preferito\u00bb), venne assassinato a freddo, ancora diciassettenne, assieme a un coetaneo e due altre bambine&#8230;\u201d.<\/p>\n<p>Il secondo suggerimento la storia estrema di uno sport raccontata nel libro di di <strong>Greta Selvestrel<\/strong> \u201cIrlanda, calcio e rivoluzione\u201d (Riogas edizioni). Le marce che confluivano nelle partite, le rivalit\u00e0 e l\u2019esempio del <strong>Derry City<\/strong>, uno spazio di lotta ancora vivo. \u201cUn libro\u201d sottolina Terrinoni \u201cche ci ricorda che, come in tante altre parti del mondo, anche in Irlanda il calcio \u00e8 stato, ed \u00e8 ancora, uno spazio di politica e riscatto. Un libro che ha il merito di gettar luce sfaccettata sulla centralit\u00e0 del calcio, puntando proprio sulle connessioni con il mondo della cultura, la storia e, naturalmente, lo scenario politico\u201d.<\/p>\n<p>Per chiudere un paio di flash su due tappe del nostro viaggio. Il cimitero di Milltown a Belfast, nel cuore dell\u2019ex ghetto cattolico di <strong>Falls Road<\/strong>, il quartiere che fu per decenni il crocevia della lotta dell\u2019Ira. Belfast \u00e8 famosa per i muri che dividono le due comunit\u00e0 religiose cittadine, in questo cimitero ce n&#8217;\u00e8 addirittura uno sottoterra. Il secondo flash \u00e8 sui resti di un castello che visiteremo durante l&#8217;incursione lungo la <strong>Antrim Coast<\/strong>: il <strong>Dunluce Castle<\/strong>, uno dei gioielli storici dell\u2019Irlanda del Nord. La sua posizione \u00e8 spettacolare: costruito su un\u2019alta falesia a picco sull\u2019oceano, il castello offre una vista panoramica mozzafiato sulla costa nord dell\u2019Irlanda. La sua posizione strategica ha sicuramente contribuito alla sua fama storica e alla sua reputazione di inespugnabilit\u00e0. L\u2019architettura del castello \u00e8 un mix di stili, poich\u00e9 \u00e8 stato ampliato e modificato durante i secoli. Le sue mura ospitano un&#8217;infinit\u00e0 di leggende&#8230;<\/p>\n<p>info: <em><strong><a href=\"https:\/\/www.ireland.com\/it-it\/\">https:\/\/www.ireland.com\/it-it\/<\/a><\/strong><\/em><\/p>\nngg_shortcode_0_placeholder\n","protected":false},"excerpt":{"rendered":"<p>Nuovo viaggio in Irlanda del Nord per gli ascoltatori di Radio Popolare: 17 \u2013 22 giugno, accompagnati dalla redattrice Clarice Trombella (info: https:\/\/www.viaggiemiraggi.org\/viaggio\/viaggio-a-belfast-con-radio-popolare\/). Due suggerimenti per prepararsi al viaggio. Enrico Terrinoni ci parla di The Flats, uno dei documentari irlandesi pi\u00f9 significativi degli ultimi anni. Si tratta di un lavoro diretto da Alessandra Celesia, regista &hellip; <a href=\"https:\/\/onderoad.radiopopolare.it\/?p=7219\" class=\"more-link\">Continua a leggere <span class=\"screen-reader-text\">Irlanda del Nord con Radio Popolare<\/span><\/a><\/p>\n","protected":false},"author":1,"featured_media":0,"comment_status":"open","ping_status":"open","sticky":false,"template":"","format":"standard","meta":{"ngg_post_thumbnail":0,"footnotes":""},"categories":[1],"tags":[],"class_list":["post-7219","post","type-post","status-publish","format-standard","hentry","category-uncategorized","without-featured-image"],"_links":{"self":[{"href":"https:\/\/onderoad.radiopopolare.it\/index.php?rest_route=\/wp\/v2\/posts\/7219","targetHints":{"allow":["GET"]}}],"collection":[{"href":"https:\/\/onderoad.radiopopolare.it\/index.php?rest_route=\/wp\/v2\/posts"}],"about":[{"href":"https:\/\/onderoad.radiopopolare.it\/index.php?rest_route=\/wp\/v2\/types\/post"}],"author":[{"embeddable":true,"href":"https:\/\/onderoad.radiopopolare.it\/index.php?rest_route=\/wp\/v2\/users\/1"}],"replies":[{"embeddable":true,"href":"https:\/\/onderoad.radiopopolare.it\/index.php?rest_route=%2Fwp%2Fv2%2Fcomments&post=7219"}],"version-history":[{"count":1,"href":"https:\/\/onderoad.radiopopolare.it\/index.php?rest_route=\/wp\/v2\/posts\/7219\/revisions"}],"predecessor-version":[{"id":7237,"href":"https:\/\/onderoad.radiopopolare.it\/index.php?rest_route=\/wp\/v2\/posts\/7219\/revisions\/7237"}],"wp:attachment":[{"href":"https:\/\/onderoad.radiopopolare.it\/index.php?rest_route=%2Fwp%2Fv2%2Fmedia&parent=7219"}],"wp:term":[{"taxonomy":"category","embeddable":true,"href":"https:\/\/onderoad.radiopopolare.it\/index.php?rest_route=%2Fwp%2Fv2%2Fcategories&post=7219"},{"taxonomy":"post_tag","embeddable":true,"href":"https:\/\/onderoad.radiopopolare.it\/index.php?rest_route=%2Fwp%2Fv2%2Ftags&post=7219"}],"curies":[{"name":"wp","href":"https:\/\/api.w.org\/{rel}","templated":true}]}}