{"id":7175,"date":"2025-03-30T17:13:48","date_gmt":"2025-03-30T16:13:48","guid":{"rendered":"https:\/\/onderoad.radiopopolare.it\/?p=7175"},"modified":"2025-03-31T07:51:03","modified_gmt":"2025-03-31T06:51:03","slug":"le-strade-di-moulana-e-di-san-francesco","status":"publish","type":"post","link":"https:\/\/onderoad.radiopopolare.it\/?p=7175","title":{"rendered":"Le strade di Moulana e di San Francesco"},"content":{"rendered":"<p><img loading=\"lazy\" decoding=\"async\" class=\"alignnone size-medium wp-image-7176\" src=\"https:\/\/onderoad.radiopopolare.it\/wp-content\/uploads\/2025\/03\/01_Francesco-e-il-sultano_Giotto-800x533.jpg\" alt=\"\" width=\"800\" height=\"533\" srcset=\"https:\/\/onderoad.radiopopolare.it\/wp-content\/uploads\/2025\/03\/01_Francesco-e-il-sultano_Giotto-800x533.jpg 800w, https:\/\/onderoad.radiopopolare.it\/wp-content\/uploads\/2025\/03\/01_Francesco-e-il-sultano_Giotto-768x512.jpg 768w, https:\/\/onderoad.radiopopolare.it\/wp-content\/uploads\/2025\/03\/01_Francesco-e-il-sultano_Giotto-571x380.jpg 571w, https:\/\/onderoad.radiopopolare.it\/wp-content\/uploads\/2025\/03\/01_Francesco-e-il-sultano_Giotto.jpg 1024w\" sizes=\"auto, (max-width: 800px) 100vw, 800px\" \/><\/p>\n<p><strong>Maul\u0101n\u0101 R\u016bm\u012b<\/strong>, definito \u201cil San Francesco dell\u2019Islam\u201d nacque il 30 setttembre 1207 a Balkh, nella regione del Khorasan, oggi Afghanistan. La citt\u00e0, importante tappa lungo la Via della Seta, rappresentava il crocevia dove confluivano uomini e culture diverse, in una zona a cavallo tra il mondo persiano, quello turco, cinese e indiano. Il carattere cosmopolita della citt\u00e0, insieme alla figura del padre, un ortodosso dottore della legge islamica, contribuirono a forgiare la personalit\u00e0 di R\u016bm\u012b. Rumi significa \u201cil Romano\u201d, di l\u00ec la possibilit\u00e0 che sia stato anche in Italia. Maul\u0101n\u0101 \u00e8 stato il pi\u00f9 grande mistico e poeta sufi in lingua persiana, famoso per i suoi testi e per il suo poema epico didattico Mas\u0304nav\u012b-yi Ma\u02bfnav\u012b (&#8220;Distimi spirituali&#8221;), che influenz\u00f2 ampiamente il pensiero mistico e la letteratura in tutto il mondo musulmano.<\/p>\n<p>Nella vita assai breve, dal 1182 all\u2019ottobre del 1226, soli 44 anni, <strong>San Francesco<\/strong> aveva trovato anche il tempo per un viaggio in Oriente in occasione della quinta Crociata. Un viaggio dove incontr\u00f2 <strong>Malik al-Kamil<\/strong>, il Sultano d\u2019Egitto, \u201cil sovrano perfetto\u201d. Re saggio e dotto, qualche storico asserisce che fosse un Sufi. Sono sconosciute le vere ragioni di un viaggio cos\u00ec impegnativo.<br \/>\nDa scartare le riletture che cercano di far passare S.Francesco per un sostenitore delle crociate o, per lo meno, che il santo le potesse avvallare in qualche modo. Sono probabilmente da privilegiare le ragioni di pace che si ispirano alla famosa prima Regola, del 1210, che recita: \u201cquando i frati vanno per il mondo, non portino nulla per il cammino, ne\u2019 sacco ne\u2019 borsa ne\u2019 pane ne\u2019 bastone. E in qualunque casa entreranno, dicano per prima cosa: pace a questa casa\u2026\u201d. Le fonti storiche ricordano come Francesco si sia recato pi\u00f9 volte dinnanzi ai pontefici del suo tempo per predicare la pace, e per chiedere il loro consenso ai suoi progetti di missione apostolica pacifica presso i saraceni. Giunti nel campo dei crociati Francesco e i suoi compagni predicarono contro le Crociate. Sembra infatti che, nelle sue prediche, Francesco sostenesse la necessit\u00e0 di procedere a trattative di pace, suscitando l\u2019ira del bellicoso delegato pontifico <strong>Pelagio Galvan<\/strong>, che rifiut\u00f2 la proposta di trattativa di Malik al-Kamil , spingendo i Crociati ad una guerra che si concluder\u00e0 poi con la disfatta totale ponendo le basi per la fine dell&#8217;era delle Crociate.<\/p>\n<p>Nel 1216 R\u00fbm\u00ee parl\u00f2 a Damasco con il grande mistico e teologo musulmano <strong>\u00cebn \u00e2l`Arab\u00ee<\/strong>; e con \u00cebn \u00e2l`Arab\u00ee san Francesco si intrattenne a Damietta nel 1219, quando si rec\u00f2 alla corte del sultano, ove incontr\u00f2 vari Sufi, conversando a lungo con loro. Ma non fu questo un primo incontro: gi\u00e0 nella primavera del 1214 san Francesco aveva conosciuto dei Sufi nella Spagna musulmana e in Marocco. In ogni caso gli elementi Sufici trasudano molteplici in vari ambiti della vita di S.Francesco e molte sono le affinit\u00e0 con il grande Maul\u0101n\u0101 R\u016bm\u012b. Un esempio tra i tanti: S.Francesco iniziava le sue predicazioni dicendo \u2018La pace di Dio sia con voi\u2019. La classica forma di saluto araba&#8230;<\/p>\n<p>Musiche originali di <strong>Yalda Masoodnia<\/strong> e dell&#8217;ensamble persiano Avinar. Presentazione del disco &#8220;Il visionario (Francesco d\u2019Assisi)&#8221;, il lavoro con cui <strong>Patrizia Cirulli<\/strong> reinterpreta in chiave acustica \u201cL\u2019infinitamente piccolo\u201d, un album di Angelo Branduardi nel quale il cantautore music\u00f2 le Fonti Francescane, raccolta di testi di Francesco e Chiara d\u2019Assisi. Patrizia rilegge in chiave femminile il &#8216;Cantico delle Creature&#8217; e &#8216;Audite Poverelle&#8217; a 800 anni dalla composizione.<\/p>\nngg_shortcode_0_placeholder\n","protected":false},"excerpt":{"rendered":"<p>Maul\u0101n\u0101 R\u016bm\u012b, definito \u201cil San Francesco dell\u2019Islam\u201d nacque il 30 setttembre 1207 a Balkh, nella regione del Khorasan, oggi Afghanistan. La citt\u00e0, importante tappa lungo la Via della Seta, rappresentava il crocevia dove confluivano uomini e culture diverse, in una zona a cavallo tra il mondo persiano, quello turco, cinese e indiano. Il carattere cosmopolita &hellip; <a href=\"https:\/\/onderoad.radiopopolare.it\/?p=7175\" class=\"more-link\">Continua a leggere <span class=\"screen-reader-text\">Le strade di Moulana e di San Francesco<\/span><\/a><\/p>\n","protected":false},"author":1,"featured_media":0,"comment_status":"open","ping_status":"open","sticky":false,"template":"","format":"standard","meta":{"ngg_post_thumbnail":0,"footnotes":""},"categories":[1],"tags":[],"class_list":["post-7175","post","type-post","status-publish","format-standard","hentry","category-uncategorized","without-featured-image"],"_links":{"self":[{"href":"https:\/\/onderoad.radiopopolare.it\/index.php?rest_route=\/wp\/v2\/posts\/7175","targetHints":{"allow":["GET"]}}],"collection":[{"href":"https:\/\/onderoad.radiopopolare.it\/index.php?rest_route=\/wp\/v2\/posts"}],"about":[{"href":"https:\/\/onderoad.radiopopolare.it\/index.php?rest_route=\/wp\/v2\/types\/post"}],"author":[{"embeddable":true,"href":"https:\/\/onderoad.radiopopolare.it\/index.php?rest_route=\/wp\/v2\/users\/1"}],"replies":[{"embeddable":true,"href":"https:\/\/onderoad.radiopopolare.it\/index.php?rest_route=%2Fwp%2Fv2%2Fcomments&post=7175"}],"version-history":[{"count":1,"href":"https:\/\/onderoad.radiopopolare.it\/index.php?rest_route=\/wp\/v2\/posts\/7175\/revisions"}],"predecessor-version":[{"id":7195,"href":"https:\/\/onderoad.radiopopolare.it\/index.php?rest_route=\/wp\/v2\/posts\/7175\/revisions\/7195"}],"wp:attachment":[{"href":"https:\/\/onderoad.radiopopolare.it\/index.php?rest_route=%2Fwp%2Fv2%2Fmedia&parent=7175"}],"wp:term":[{"taxonomy":"category","embeddable":true,"href":"https:\/\/onderoad.radiopopolare.it\/index.php?rest_route=%2Fwp%2Fv2%2Fcategories&post=7175"},{"taxonomy":"post_tag","embeddable":true,"href":"https:\/\/onderoad.radiopopolare.it\/index.php?rest_route=%2Fwp%2Fv2%2Ftags&post=7175"}],"curies":[{"name":"wp","href":"https:\/\/api.w.org\/{rel}","templated":true}]}}