{"id":711,"date":"2013-06-02T12:15:44","date_gmt":"2013-06-02T11:15:44","guid":{"rendered":"http:\/\/blogs.radiopopolare.it\/onderoad\/?p=711"},"modified":"2013-06-02T12:18:50","modified_gmt":"2013-06-02T11:18:50","slug":"711","status":"publish","type":"post","link":"https:\/\/onderoad.radiopopolare.it\/?p=711","title":{"rendered":"Volare.. a Trebisonda"},"content":{"rendered":"<p><img loading=\"lazy\" decoding=\"async\" class=\"aligncenter size-large wp-image-712\" alt=\"\u00a9 Keith Thompson 2009\" src=\"http:\/\/blogs.radiopopolare.it\/onderoad\/wp-content\/uploads\/2013\/06\/trabzon_turkey_take_two2-1024x542.jpg\" width=\"640\" height=\"338\" srcset=\"https:\/\/onderoad.radiopopolare.it\/wp-content\/uploads\/2013\/06\/trabzon_turkey_take_two2-1024x542.jpg 1024w, https:\/\/onderoad.radiopopolare.it\/wp-content\/uploads\/2013\/06\/trabzon_turkey_take_two2-300x159.jpg 300w, https:\/\/onderoad.radiopopolare.it\/wp-content\/uploads\/2013\/06\/trabzon_turkey_take_two2.jpg 1200w\" sizes=\"auto, (max-width: 640px) 100vw, 640px\" \/><\/p>\n<p style=\"text-align: justify;\">Istanbul, un agglomerato di culture e mondi. C\u2019\u00e8 anche chi cerca (con successo) di importare all\u2019ombra dei minareti la musica di Domenico Modugno. E\u2019 il caso di Adil Akbasoglu, che ci racconta dell\u2019interesse che molti turchi hanno per la cultura italiana. Poi, con una barzelletta, ci fa capire come i turchi vedono gli abitanti di Trabzon, importante citt\u00e0 sul Mar Nero. Trabzon, l\u2019antica Trebisonda greca, non \u00e8 una citt\u00e0 bellissima. Palazzoni, tanti outlet e l\u2019autostrada E77 che divide le sue case dall\u2019acqua del Mar Nero. E\u2019 per\u00f2 fondamentale per capire la Turchia (e il perch\u00e9 delle manifestazioni di questi giorni a Istanbul e Ankara, manifestazioni che -non casualmente- a Trebisonda non ci sono state). Oggi Trabzon il bastione del nazionalismo turco. E\u2019 da qui che veniva il presunto assassino del giornalista armeno Hrant Dink, ucciso a Istanbul il 19 gennaio 2007. Ma \u00e8 anche una citt\u00e0 segnata da una pratica dell\u2019islam sempre pi\u00f9 ostentata e rigida. Bisogna scendere nei quartieri del porto per trovare bar che servono apertamente alcol, mentre giovani donne vendono le loro grazie ai marinai di passaggio. La clientela interessata \u00e8 pi\u00f9 russa che turca. Ogni giorno, infatti, dei traghetti collegano Trabzon a Sotchi, in Russia. Le navi sono vecchie e gli orari incerti, ma una folla indaffarata si accalca all\u2019imbarco. Affollato \u00e8 anche lo stadio del Trabzonspor. Qui il calcio \u00e8 uno strumento di riscatto sociale e una potente valvola di sfogo. Fedele all\u2019indole dei suoi abitanti, anche lo sport a Trebisonda \u00e8 schierato. Alla manifestazione di Istanbul contro l\u2019omicidio di Dink, in cui centomila persone -turchi, curdi e armeni- avevano scandito lo slogan \u201cSiamo tutti armeni, siamo tutti Hrant Dink\u201d, i tifosi della squadra di calcio di Trebisonda hanno risposto a modo loro. Nella prima partita in casa del Trabzonspor hanno gridato dagli spalti: \u201cSiamo tutti turchi. Siamo tutti Mustaf\u00e0 Kemal Atat\u00fcrk\u201d. Alcuni di loro indossavano lo stesso berretto di lana bianca che l\u2019assassino di Dink, Og\u00fcn Samast, aveva nelle foto segnaletiche. Negli ultimi anni a Trabzon non sono arrivati investimenti. Le \u00e8lite cittadine si sono trasferite nelle citt\u00e0 pi\u00f9 a occidente e il loro posto \u00e8 stato occupato dagli abitanti dei villaggi dell\u2019interno. A Trebisonda non c\u2019\u00e8 pi\u00f9 una comunit\u00e0: sono rimasti i singoli individui e il Trabzonspor. Ma il declino della citt\u00e0 \u00e8 stato anche il declino della squadra, che ha vinto il suo ultimo campionato nel 1985. L\u2019ultima impresa eroica \u00e8 l\u2019aver sconfitto l\u2019Inter in Champions League. Ma di questi tempi battere l\u2019Inter ha proprio poco di eccezionale\u2026<\/p>\n<h3>Ascolta il podcast:<\/h3>\nngg_shortcode_0_placeholder\n","protected":false},"excerpt":{"rendered":"<p>Istanbul, un agglomerato di culture e mondi. C\u2019\u00e8 anche chi cerca (con successo) di importare all\u2019ombra dei minareti la musica di Domenico Modugno. E\u2019 il caso di Adil Akbasoglu, che ci racconta dell\u2019interesse che molti turchi hanno per la cultura italiana. Poi, con una barzelletta, ci fa capire come i turchi vedono gli abitanti di &hellip; <a href=\"https:\/\/onderoad.radiopopolare.it\/?p=711\" class=\"more-link\">Continua a leggere <span class=\"screen-reader-text\">Volare.. a Trebisonda<\/span><\/a><\/p>\n","protected":false},"author":2,"featured_media":0,"comment_status":"open","ping_status":"open","sticky":false,"template":"","format":"standard","meta":{"ngg_post_thumbnail":0,"footnotes":""},"categories":[1],"tags":[],"class_list":["post-711","post","type-post","status-publish","format-standard","hentry","category-uncategorized","without-featured-image"],"_links":{"self":[{"href":"https:\/\/onderoad.radiopopolare.it\/index.php?rest_route=\/wp\/v2\/posts\/711","targetHints":{"allow":["GET"]}}],"collection":[{"href":"https:\/\/onderoad.radiopopolare.it\/index.php?rest_route=\/wp\/v2\/posts"}],"about":[{"href":"https:\/\/onderoad.radiopopolare.it\/index.php?rest_route=\/wp\/v2\/types\/post"}],"author":[{"embeddable":true,"href":"https:\/\/onderoad.radiopopolare.it\/index.php?rest_route=\/wp\/v2\/users\/2"}],"replies":[{"embeddable":true,"href":"https:\/\/onderoad.radiopopolare.it\/index.php?rest_route=%2Fwp%2Fv2%2Fcomments&post=711"}],"version-history":[{"count":3,"href":"https:\/\/onderoad.radiopopolare.it\/index.php?rest_route=\/wp\/v2\/posts\/711\/revisions"}],"predecessor-version":[{"id":716,"href":"https:\/\/onderoad.radiopopolare.it\/index.php?rest_route=\/wp\/v2\/posts\/711\/revisions\/716"}],"wp:attachment":[{"href":"https:\/\/onderoad.radiopopolare.it\/index.php?rest_route=%2Fwp%2Fv2%2Fmedia&parent=711"}],"wp:term":[{"taxonomy":"category","embeddable":true,"href":"https:\/\/onderoad.radiopopolare.it\/index.php?rest_route=%2Fwp%2Fv2%2Fcategories&post=711"},{"taxonomy":"post_tag","embeddable":true,"href":"https:\/\/onderoad.radiopopolare.it\/index.php?rest_route=%2Fwp%2Fv2%2Ftags&post=711"}],"curies":[{"name":"wp","href":"https:\/\/api.w.org\/{rel}","templated":true}]}}