{"id":7101,"date":"2025-02-23T15:43:06","date_gmt":"2025-02-23T14:43:06","guid":{"rendered":"https:\/\/onderoad.radiopopolare.it\/?p=7101"},"modified":"2025-02-24T09:14:29","modified_gmt":"2025-02-24T08:14:29","slug":"come-va-a-cuba","status":"publish","type":"post","link":"https:\/\/onderoad.radiopopolare.it\/?p=7101","title":{"rendered":"Come va a Cuba?"},"content":{"rendered":"<p><img loading=\"lazy\" decoding=\"async\" class=\"alignnone size-medium wp-image-7102\" src=\"https:\/\/onderoad.radiopopolare.it\/wp-content\/uploads\/2025\/02\/01_La-guagua-di-Radio-Pop-800x437.jpg\" alt=\"\" width=\"800\" height=\"437\" srcset=\"https:\/\/onderoad.radiopopolare.it\/wp-content\/uploads\/2025\/02\/01_La-guagua-di-Radio-Pop-800x437.jpg 800w, https:\/\/onderoad.radiopopolare.it\/wp-content\/uploads\/2025\/02\/01_La-guagua-di-Radio-Pop-768x419.jpg 768w, https:\/\/onderoad.radiopopolare.it\/wp-content\/uploads\/2025\/02\/01_La-guagua-di-Radio-Pop-696x380.jpg 696w, https:\/\/onderoad.radiopopolare.it\/wp-content\/uploads\/2025\/02\/01_La-guagua-di-Radio-Pop.jpg 1940w\" sizes=\"auto, (max-width: 800px) 100vw, 800px\" \/><\/p>\n<p><span style=\"font-family: 'Times New Roman', serif;\">Andrea Cegna, reduce da un viaggio a Cuba con gli ascoltatori di Radio Popolare, ci regala alcune pagine del suo diario di viaggio: \u201c<i>Cuba ti entra nel cuore. Quando arrivi la prima volta ti cattura per la sua bellezza, per la stravaganza della sua popolazione, per la forza, per il coraggio e per la sua storia rivoluzionaria che se pur acciaccata continua a vivere. Cuba \u00e8 cos\u00ec: ti avvolge e ti cattura, ti perdi per le vie dell&#8217;Avana e per il mare dei Cayos, cammini e scopri piante, fiori e animali. Il suo passato coloniale rimane impresso in case e monumenti cos\u00ec come l&#8217;orgoglio anti-coloniale batte nei cuori, anche in quelli che sono pi\u00f9 che critici con il presente dell&#8217;isola. Jos\u00e8 Marti e Fidel Castro sono giganti ricordati con gioia, il bloqueo statunitense \u00e8 pesante e condiziona la vita del paese cos\u00ec come gli errori che dal 1959 sono stati fatti, perch\u00e9 pensare che i problemi energetici e sociali di Cuba siano solo colpa degli USA \u00e8 assolvente e non veritiero. Andare in giro per l&#8217;isola \u00e8 fantastico perch\u00e9 la sicurezza la respiri assieme alla libert\u00e0 e all&#8217;unicit\u00e0 culturale che fanno di Cuba un posto magico e ricco di quella ricchezza che non si misura in Pesos, Euro o Dollari. La musica \u00e8 presente in ogni angolo, e i giovani e le giovani si aprono le loro storie e strade a suon di reparto che si scontra con la musica tradizionale. E&#8217; un luogo contraddittorio perch\u00e8 imperfetto ed \u00e8 quindi un posto dove l&#8217;umanit\u00e0 \u00e8 ben pi\u00f9 presente dell&#8217;economia. Andare a Cuba \u00e8 bello e necessario, urgente perch\u00e9 il rischio che il capitale trionfi e cancelli l&#8217;unicit\u00e0 di un luogo che non va mitizzato, ma vissuto e capito per non ricadere negli stessi errori\u201d.<\/i><\/span><\/p>\n<p><span style=\"font-family: 'Times New Roman', serif;\">Sara Milanese intervista, davanti al monumento al treno di Santa Clara, il Capitano Mario, un signore di 93 anni, dallo sguardo limpido e l&#8217;andamento fiero nonostante l&#8217;et\u00e0, che ha combattuto al fianco di Che Guevara nell&#8217;assalto al convoglio dei lealisti. Il Capitano Mario ci racconta il suo ruolo nella battaglia, avvenuta tra il 29 dicembre del 1958 e il 1 gennaio del 59, che ha segnato un importante primo passo per la debacle del regime di Batista.<\/span><\/p>\n<p><span style=\"font-family: 'Times New Roman', serif;\">Alfredo Somoza analizza la situazione attuale di Cuba: cosa cambier\u00e0 con la presidenza di Donald Trump e che futuro immediato si prospetta per il popolo cubano e per il governo attualmente al potere. <\/span><\/p>\n<p><span style=\"font-family: 'Times New Roman', serif;\">Laura Putti ci introduce alle pagine di <\/span><span style=\"color: #080809;\"><span style=\"font-family: 'Times New Roman', serif;\"><span style=\"font-size: medium;\">&#8220;L&#8217;Avana mi parla&#8221;, uno splendido romanzo di Ant\u00f2n Arrufat (<\/span><\/span><\/span><a href=\"https:\/\/www.facebook.com\/ventanasedizioni?__cft__[0]=AZV4Rg9Dhl7b1Viw7EF3pLGuLRuW1Xyy0T-1_rNhewzrdJP4-lbit-dc9smv4YgBZ8zMw-jmOunuSvkVlK6kvNp-aky1C5mfK_wrQBqjp32Iq54hH4kZ4NYIv6biFtPkIeAFnNQEN8WhLHLFw6re-VqqR_UENa6THAYQCnMkFVoUvQ&amp;__tn__=-]K-y-R\"><span style=\"color: #080809;\"><span style=\"font-family: 'Times New Roman', serif;\"><span style=\"font-size: medium;\">Ventanas<\/span><\/span><\/span><\/a> <span style=\"color: #080809;\"><span style=\"font-family: 'Times New Roman', serif;\"><span style=\"font-size: medium;\">edizioni). <\/span><\/span><\/span> <span style=\"color: #263238;\"><span style=\"font-family: 'Times New Roman', serif;\"><span style=\"font-size: medium;\">Un nonno e un nipote passeggiano per le strade dell\u2019Avana alla ricerca degli scrittori e dei poeti attraverso i palazzi in cui abitarono, i salotti in cui si riunirono in interminabili tertulias.<\/span><\/span><\/span><\/p>\nngg_shortcode_0_placeholder\n","protected":false},"excerpt":{"rendered":"<p>Andrea Cegna, reduce da un viaggio a Cuba con gli ascoltatori di Radio Popolare, ci regala alcune pagine del suo diario di viaggio: \u201cCuba ti entra nel cuore. Quando arrivi la prima volta ti cattura per la sua bellezza, per la stravaganza della sua popolazione, per la forza, per il coraggio e per la sua &hellip; <a href=\"https:\/\/onderoad.radiopopolare.it\/?p=7101\" class=\"more-link\">Continua a leggere <span class=\"screen-reader-text\">Come va a Cuba?<\/span><\/a><\/p>\n","protected":false},"author":1,"featured_media":0,"comment_status":"open","ping_status":"open","sticky":false,"template":"","format":"standard","meta":{"ngg_post_thumbnail":0,"footnotes":""},"categories":[1],"tags":[],"class_list":["post-7101","post","type-post","status-publish","format-standard","hentry","category-uncategorized","without-featured-image"],"_links":{"self":[{"href":"https:\/\/onderoad.radiopopolare.it\/index.php?rest_route=\/wp\/v2\/posts\/7101","targetHints":{"allow":["GET"]}}],"collection":[{"href":"https:\/\/onderoad.radiopopolare.it\/index.php?rest_route=\/wp\/v2\/posts"}],"about":[{"href":"https:\/\/onderoad.radiopopolare.it\/index.php?rest_route=\/wp\/v2\/types\/post"}],"author":[{"embeddable":true,"href":"https:\/\/onderoad.radiopopolare.it\/index.php?rest_route=\/wp\/v2\/users\/1"}],"replies":[{"embeddable":true,"href":"https:\/\/onderoad.radiopopolare.it\/index.php?rest_route=%2Fwp%2Fv2%2Fcomments&post=7101"}],"version-history":[{"count":1,"href":"https:\/\/onderoad.radiopopolare.it\/index.php?rest_route=\/wp\/v2\/posts\/7101\/revisions"}],"predecessor-version":[{"id":7121,"href":"https:\/\/onderoad.radiopopolare.it\/index.php?rest_route=\/wp\/v2\/posts\/7101\/revisions\/7121"}],"wp:attachment":[{"href":"https:\/\/onderoad.radiopopolare.it\/index.php?rest_route=%2Fwp%2Fv2%2Fmedia&parent=7101"}],"wp:term":[{"taxonomy":"category","embeddable":true,"href":"https:\/\/onderoad.radiopopolare.it\/index.php?rest_route=%2Fwp%2Fv2%2Fcategories&post=7101"},{"taxonomy":"post_tag","embeddable":true,"href":"https:\/\/onderoad.radiopopolare.it\/index.php?rest_route=%2Fwp%2Fv2%2Ftags&post=7101"}],"curies":[{"name":"wp","href":"https:\/\/api.w.org\/{rel}","templated":true}]}}