{"id":7078,"date":"2025-02-16T19:03:48","date_gmt":"2025-02-16T18:03:48","guid":{"rendered":"https:\/\/onderoad.radiopopolare.it\/?p=7078"},"modified":"2025-02-17T13:29:51","modified_gmt":"2025-02-17T12:29:51","slug":"andarocco","status":"publish","type":"post","link":"https:\/\/onderoad.radiopopolare.it\/?p=7078","title":{"rendered":"Andarocco"},"content":{"rendered":"<p><img loading=\"lazy\" decoding=\"async\" class=\"alignnone size-medium wp-image-7079\" src=\"https:\/\/onderoad.radiopopolare.it\/wp-content\/uploads\/2025\/02\/01_Tangeri_medina-800x367.jpg\" alt=\"\" width=\"800\" height=\"367\" srcset=\"https:\/\/onderoad.radiopopolare.it\/wp-content\/uploads\/2025\/02\/01_Tangeri_medina-800x367.jpg 800w, https:\/\/onderoad.radiopopolare.it\/wp-content\/uploads\/2025\/02\/01_Tangeri_medina-768x352.jpg 768w, https:\/\/onderoad.radiopopolare.it\/wp-content\/uploads\/2025\/02\/01_Tangeri_medina-828x380.jpg 828w, https:\/\/onderoad.radiopopolare.it\/wp-content\/uploads\/2025\/02\/01_Tangeri_medina.jpg 850w\" sizes=\"auto, (max-width: 800px) 100vw, 800px\" \/><\/p>\n<p><span style=\"font-family: 'Times New Roman', serif;\"><span style=\"font-size: medium;\">L&#8217;Andarocco, una crasi tra Andalusia e Marocco, sar\u00e0 la meta del viaggio con gli ascoltatori della radio dal primo al 10 aprile. <\/span><\/span><\/p>\n<p><span style=\"font-family: 'Times New Roman', serif;\"><span style=\"font-size: medium;\"><i><b>Granada<\/b><\/i><\/span><span style=\"font-size: medium;\">. I<\/span><span style=\"color: #080809;\"><span style=\"font-size: medium;\">l passato andaluso e il mondo di Federico Garcia Lorca. <\/span><\/span><span style=\"color: #080809;\"><span style=\"font-size: medium;\">Il Sacromonte, il quartiere gitano famoso per le sue case-grotte scavate nella roccia. <\/span><\/span><span style=\"color: #080809;\"><span style=\"font-size: medium;\">Oggi le pi\u00f9 famose sono la Cueva de Mar\u00eda la Canastera o la Cueva de La Roc\u00edo. Entrambe sono dedicate alle zambras, un&#8217;ibridazione tra la danza del ventre e il ballo flamenco. Un mix tra la cultura gitana, con le vestigia della cultura musulmana, in una sorta di matrimonio gitano rappresentato, senza tablao, n\u00e9 palco, in cerchio, molto vicino allo spettatore. Il tutto dentro grotte bianche e spaziose, ornate da vasi di rame lucente.<\/span><\/span><\/span><br \/>\n<span style=\"color: #080809;\"><span style=\"font-family: 'Times New Roman', serif;\"><span style=\"font-size: medium;\">Ci sar\u00e0 anche il tempo per una birretta in Placeta Joe Strummer, ascoltando assieme una canzone dei Clash. Strummer conosceva bene Granada, non solo per averla menzionata nel brano Spanish Bombs (da London Calling), ma anche per aver cominciato a frequentarla dal 1983, dopo l&#8217;uscita del chitarrista Mick Jones dai Clash. In quel periodo, Strummer si trovava in citt\u00e0 per produrre l\u2019album della band spagnola 091, che aveva conosciuto in uno squat a Londra. <\/span><\/span><\/span><\/p>\n<p><span style=\"font-family: 'Times New Roman', serif;\"><span style=\"color: #000000;\"><span style=\"font-size: medium;\"><i><b>Marinaleda<\/b><\/i><\/span><\/span><span style=\"color: #000000;\"><span style=\"font-size: medium;\">. Un paesino dell\u2019Andalusia nella provincia di Siviglia, baciato dal sole come molti altri affascinanti pueblos blancos del sud della Spagna. La sua specificit\u00e0 \u00e8 la storia socio-politica che l&#8217;ha trasformata in una piccola enclave socialista andalusa. Tutto inizia nel 1979 con il sindaco Juan Manuel Sanchez Gordillo, a capo del movimento Izquierda Unida. Un sistema economico basato sull\u2019eguaglianza e sulla condivisione di risorse. L&#8217;esproprio della terra ai latifondisti, trasformata in bene comune. L&#8217;edilizia popolare (affitto della casa a 15 Euro) e l&#8217;esperienza della domenica roha. Quota mensile dell\u2019asilo nido comunale: 12 euro a bambino, inclusi pranzo e colazione&#8230;<\/span><\/span><\/span><\/p>\n<p><span style=\"font-family: 'Times New Roman', serif;\"><span style=\"color: #000000;\"><span style=\"font-size: medium;\"><i><b>Siviglia. <\/b><\/i><\/span><\/span><span style=\"color: #000000;\"><span style=\"font-size: medium;\">La citt\u00e0 d\u2019Europa con il maggior numero di strade dedicate alla Madonna: 48 tra vie e piazze. Ma nell\u2019Alcazar ha eretto un monumento a un monarca musulmano di tanto tempo fa, la cui stele recita: \u201cLa citt\u00e0 al suo re Almutamid Ibn Abbad. 900 anni dopo\u201d. Un\u2019attenzione per la propria storia che induce Siviglia a conservare gelosamente antichi colori e profumi: il giallo e il blu delle maioliche, il bianco accecante delle case andaluse, le scie di arancio e di incenso che da giardini e cattedrali si spandono su strade e piazze, come in tutti i paesi in cui si prega molto e si pecca di pi\u00f9. Il peccato di gola pi\u00f9 reiterato \u00e8 legato alla liturgia delle tapas: una transumanza che porta i sevillani da un bar all\u2019altro, consumando piccoli spuntini accompagnati da un bicchiere di vino o da una cervesita. Un rito che annovera pi\u00f9 fedeli di quelli delle processioni della Settimana Santa&#8230; <\/span><\/span><span style=\"font-size: medium;\">Gli indirizzi &#8216;segreti&#8217; per i fondamentalisti del <\/span><span style=\"font-size: medium;\"><i>flamenco nuevo <\/i><\/span><span style=\"font-size: medium;\">e L<\/span><span style=\"color: #080809;\"><span style=\"font-size: medium;\">a Carboneria, ex deposito di carbone, oggi luogo per jam session flamenche. <\/span><\/span><\/span><\/p>\n<p><span style=\"font-family: 'Times New Roman', serif;\"><i><b><span style=\"color: #080809;\"><span style=\"font-size: medium;\">Tangeri. <\/span><\/span><\/b><\/i><span style=\"color: #080809;\"><span style=\"font-size: medium;\">\u201cQuando (il vento) arriva a Tangeri si mette a girare in tondo e non sa pi\u00f9 da che parte andarsene\u201d. Sono parole di Tahar Ben Jelloun in \u201cGiorno di silenzio a Tangeri\u201d. Ed \u00e8 proprio il vento la prima presenza tattile in cui ci si imbatte entrando nella Citt\u00e0 Bianca. Le folate del chergui, il vento dell\u2019est, veicolano anche le note delle mille musiche che in questo lembo di terra, che non \u00e8 pi\u00f9 Europa e non \u00e8 ancora Africa, hanno avuto i natali. Musiche che <\/span><\/span><span style=\"color: #000000;\"><span style=\"font-size: medium;\"><span lang=\"it-IT\">hanno la capacit\u00e0 di essere moderne e nel contempo evocatrici di un lontano passato. <\/span><\/span><\/span><span style=\"color: #080809;\"><span style=\"font-size: medium;\">Una dicotomia che vive ovunque nella citt\u00e0 e che si respira nel suq, in particolare il gioved\u00ec e la domenica, quando dalle montagne scendono le contadine per cercare di vendere le proprie mercanzie&#8230;<\/span><\/span> <\/span><\/p>\n<p><span style=\"font-family: 'Times New Roman', serif;\"><span style=\"font-size: medium;\"><span style=\"color: #080809;\">Qui le info per il viaggio:<\/span><strong><span style=\"color: #0000ff;\"><i> https:\/\/www.viaggiemiraggi.org\/viaggio\/viaggio-in-spagna-e-marocco-traversata-arabo-andalusa-con-radio-popolare\/<\/i><\/span><\/strong><\/span><\/span><\/p>\nngg_shortcode_0_placeholder\n","protected":false},"excerpt":{"rendered":"<p>L&#8217;Andarocco, una crasi tra Andalusia e Marocco, sar\u00e0 la meta del viaggio con gli ascoltatori della radio dal primo al 10 aprile. Granada. Il passato andaluso e il mondo di Federico Garcia Lorca. Il Sacromonte, il quartiere gitano famoso per le sue case-grotte scavate nella roccia. Oggi le pi\u00f9 famose sono la Cueva de Mar\u00eda &hellip; <a href=\"https:\/\/onderoad.radiopopolare.it\/?p=7078\" class=\"more-link\">Continua a leggere <span class=\"screen-reader-text\">Andarocco<\/span><\/a><\/p>\n","protected":false},"author":1,"featured_media":0,"comment_status":"open","ping_status":"open","sticky":false,"template":"","format":"standard","meta":{"ngg_post_thumbnail":0,"footnotes":""},"categories":[1],"tags":[],"class_list":["post-7078","post","type-post","status-publish","format-standard","hentry","category-uncategorized","without-featured-image"],"_links":{"self":[{"href":"https:\/\/onderoad.radiopopolare.it\/index.php?rest_route=\/wp\/v2\/posts\/7078","targetHints":{"allow":["GET"]}}],"collection":[{"href":"https:\/\/onderoad.radiopopolare.it\/index.php?rest_route=\/wp\/v2\/posts"}],"about":[{"href":"https:\/\/onderoad.radiopopolare.it\/index.php?rest_route=\/wp\/v2\/types\/post"}],"author":[{"embeddable":true,"href":"https:\/\/onderoad.radiopopolare.it\/index.php?rest_route=\/wp\/v2\/users\/1"}],"replies":[{"embeddable":true,"href":"https:\/\/onderoad.radiopopolare.it\/index.php?rest_route=%2Fwp%2Fv2%2Fcomments&post=7078"}],"version-history":[{"count":2,"href":"https:\/\/onderoad.radiopopolare.it\/index.php?rest_route=\/wp\/v2\/posts\/7078\/revisions"}],"predecessor-version":[{"id":7099,"href":"https:\/\/onderoad.radiopopolare.it\/index.php?rest_route=\/wp\/v2\/posts\/7078\/revisions\/7099"}],"wp:attachment":[{"href":"https:\/\/onderoad.radiopopolare.it\/index.php?rest_route=%2Fwp%2Fv2%2Fmedia&parent=7078"}],"wp:term":[{"taxonomy":"category","embeddable":true,"href":"https:\/\/onderoad.radiopopolare.it\/index.php?rest_route=%2Fwp%2Fv2%2Fcategories&post=7078"},{"taxonomy":"post_tag","embeddable":true,"href":"https:\/\/onderoad.radiopopolare.it\/index.php?rest_route=%2Fwp%2Fv2%2Ftags&post=7078"}],"curies":[{"name":"wp","href":"https:\/\/api.w.org\/{rel}","templated":true}]}}