{"id":6912,"date":"2024-12-08T18:28:03","date_gmt":"2024-12-08T17:28:03","guid":{"rendered":"https:\/\/onderoad.radiopopolare.it\/?p=6912"},"modified":"2024-12-11T11:51:40","modified_gmt":"2024-12-11T10:51:40","slug":"trento-capitale-europea-del-volontariato-2024","status":"publish","type":"post","link":"https:\/\/onderoad.radiopopolare.it\/?p=6912","title":{"rendered":"Trento, capitale europea del volontariato 2024"},"content":{"rendered":"<p><img loading=\"lazy\" decoding=\"async\" class=\"alignnone size-medium wp-image-6913\" src=\"https:\/\/onderoad.radiopopolare.it\/wp-content\/uploads\/2024\/12\/01_Logo-Volontariato-800x331.jpg\" alt=\"\" width=\"800\" height=\"331\" srcset=\"https:\/\/onderoad.radiopopolare.it\/wp-content\/uploads\/2024\/12\/01_Logo-Volontariato-800x331.jpg 800w, https:\/\/onderoad.radiopopolare.it\/wp-content\/uploads\/2024\/12\/01_Logo-Volontariato-768x318.jpg 768w, https:\/\/onderoad.radiopopolare.it\/wp-content\/uploads\/2024\/12\/01_Logo-Volontariato-919x380.jpg 919w, https:\/\/onderoad.radiopopolare.it\/wp-content\/uploads\/2024\/12\/01_Logo-Volontariato.jpg 1170w\" sizes=\"auto, (max-width: 800px) 100vw, 800px\" \/><\/p>\n<p>La competizione per diventare capitale europea del volontariato \u00e8 stata per la prima volta lanciata nel 2013 dal <strong><em>Centro Europeo del Volontariato<\/em><\/strong> (CEV) di Bruxelles con lo scopo di rafforzare e promuovere le attivit\u00e0 di volontariato a livello locale. La finalit\u00e0 ultima \u00e8 quella di spingere le citt\u00e0 europee ad interrogarsi sul ruolo del volontariato per la comunit\u00e0 e di premiare le citt\u00e0 che pi\u00f9 esprimono i valori europei attraverso la promozione del volontariato e la sua pianificazione per il futuro. Lo scorso 3 febbraio, ospite d&#8217;onore il Presidente della repubblica <em>Sergio Mattarella<\/em>, ha inaugurato l&#8217;anno di Trento Capitale europea e italiana del volontariato. Per tutto il 2024 la citt\u00e0 di Trento, coinvolgendo il volontariato formale e informale e gli enti e gli attori attivi in questo settore, ha sviluppato un percorso partecipato facilitando la creazione di tavoli di lavoro che avevano l&#8217;obiettivo di fare sistema e trasformare il 2024 in un grande laboratorio di pratiche per una comunit\u00e0 che cresce grazie al volontariato. Per fare un primo bilancio di quest&#8217;esperienza abbiamo incontrato <strong><em>Maria Antonia Bellini<\/em><\/strong>, del Servizio Welfare e Coesione sociale del Comune di Trento, che ci ha anche illustrato il progetto <a href=\"https:\/\/attivati.volontariatotrentino.it\/\"><strong><em>Attivati! <\/em><\/strong><\/a>, l&#8217;app del volontariato in Trentino.&nbsp; <strong><em>Giulia<\/em><\/strong>, una studentessa di un liceo cittadino, e <strong><em>Valeria<\/em><\/strong>, una mamma, ci raccontano le loro esperienze di &#8216;volontariato partito dal basso&#8217;. La prima ci racconta l&#8217;attivit\u00e0 di volontariato in una casa di riposo, e Valeria dell&#8217;idea, avuta con altre mamme, di organizzare una sorta di doposcuola per i bambini stranieri compagni di classe dei loro figli. <strong><em>Mauro Dossi <\/em><\/strong>ci racconta il lavoro di volontariato dell&#8217;<a href=\"https:\/\/www.associazionemelograno.com\/\"><strong><em>Associazione Il Melograno<\/em><\/strong><\/a>&nbsp;di Brentonico (TN), che &#8211; tra le tante iniziative &#8211; &nbsp;in Burundi ha permesso a una cooperativa di donne di produrre formaggio con il latte delle loro mucche, utilizzando la caldera di <strong><em>Agitu<\/em><\/strong>&nbsp; (la pastora e casara etiope vittima di femminicidio che viveva nella Valle dei Mocheni).<br \/>\nA Trento sta per chiudersi &#8220;<strong><em>Records<\/em><\/strong>&#8220;, la prima delle tre mostre del progetto &#8220;<a href=\"https:\/\/museostorico.it\/exhibition\/records-anelli-di-congiunzione\/\"><strong><em>Anelli di congiunzione<\/em><\/strong><\/a>&#8221; , un percorso espositivo triennale che, attraverso linguaggi diversi e innovativi, permetter\u00e0 di immergersi nei Giochi Olimpici e Paralimpici Invernali di Milano Cortina 2026. Il progetto, che si colloca all\u2019interno dell\u2019Olimpiade culturale 2026, \u00e8 volto ad approfondire la storia, il presente e il futuro dei Giochi guardandoli attraverso tre focus. Tre anni, tre temi: la misurazione, la tecnica, il territorio. Ne abbiamo parlato con <strong><em>Giuseppe Ferrandi<\/em><\/strong>, direttore del<a href=\"https:\/\/museostorico.it\/location\/le-gallerie\/\"><strong><em> Museo Storico \/ Gallerie<\/em><\/strong><\/a>&nbsp;<\/p>\nngg_shortcode_0_placeholder\n","protected":false},"excerpt":{"rendered":"<p>La competizione per diventare capitale europea del volontariato \u00e8 stata per la prima volta lanciata nel 2013 dal Centro Europeo del Volontariato (CEV) di Bruxelles con lo scopo di rafforzare e promuovere le attivit\u00e0 di volontariato a livello locale. La finalit\u00e0 ultima \u00e8 quella di spingere le citt\u00e0 europee ad interrogarsi sul ruolo del volontariato &hellip; <a href=\"https:\/\/onderoad.radiopopolare.it\/?p=6912\" class=\"more-link\">Continua a leggere <span class=\"screen-reader-text\">Trento, capitale europea del volontariato 2024<\/span><\/a><\/p>\n","protected":false},"author":1,"featured_media":0,"comment_status":"open","ping_status":"open","sticky":false,"template":"","format":"standard","meta":{"ngg_post_thumbnail":0,"footnotes":""},"categories":[1],"tags":[],"class_list":["post-6912","post","type-post","status-publish","format-standard","hentry","category-uncategorized","without-featured-image"],"_links":{"self":[{"href":"https:\/\/onderoad.radiopopolare.it\/index.php?rest_route=\/wp\/v2\/posts\/6912","targetHints":{"allow":["GET"]}}],"collection":[{"href":"https:\/\/onderoad.radiopopolare.it\/index.php?rest_route=\/wp\/v2\/posts"}],"about":[{"href":"https:\/\/onderoad.radiopopolare.it\/index.php?rest_route=\/wp\/v2\/types\/post"}],"author":[{"embeddable":true,"href":"https:\/\/onderoad.radiopopolare.it\/index.php?rest_route=\/wp\/v2\/users\/1"}],"replies":[{"embeddable":true,"href":"https:\/\/onderoad.radiopopolare.it\/index.php?rest_route=%2Fwp%2Fv2%2Fcomments&post=6912"}],"version-history":[{"count":2,"href":"https:\/\/onderoad.radiopopolare.it\/index.php?rest_route=\/wp\/v2\/posts\/6912\/revisions"}],"predecessor-version":[{"id":6934,"href":"https:\/\/onderoad.radiopopolare.it\/index.php?rest_route=\/wp\/v2\/posts\/6912\/revisions\/6934"}],"wp:attachment":[{"href":"https:\/\/onderoad.radiopopolare.it\/index.php?rest_route=%2Fwp%2Fv2%2Fmedia&parent=6912"}],"wp:term":[{"taxonomy":"category","embeddable":true,"href":"https:\/\/onderoad.radiopopolare.it\/index.php?rest_route=%2Fwp%2Fv2%2Fcategories&post=6912"},{"taxonomy":"post_tag","embeddable":true,"href":"https:\/\/onderoad.radiopopolare.it\/index.php?rest_route=%2Fwp%2Fv2%2Ftags&post=6912"}],"curies":[{"name":"wp","href":"https:\/\/api.w.org\/{rel}","templated":true}]}}