{"id":6889,"date":"2024-12-01T17:13:24","date_gmt":"2024-12-01T16:13:24","guid":{"rendered":"https:\/\/onderoad.radiopopolare.it\/?p=6889"},"modified":"2024-12-02T08:28:58","modified_gmt":"2024-12-02T07:28:58","slug":"il-pranzo-della-domenica","status":"publish","type":"post","link":"https:\/\/onderoad.radiopopolare.it\/?p=6889","title":{"rendered":"Il pranzo della domenica"},"content":{"rendered":"<p><img loading=\"lazy\" decoding=\"async\" class=\"alignnone size-medium wp-image-6890\" src=\"https:\/\/onderoad.radiopopolare.it\/wp-content\/uploads\/2024\/12\/01_Pranzo-domenicale-800x456.jpg\" alt=\"\" width=\"800\" height=\"456\" srcset=\"https:\/\/onderoad.radiopopolare.it\/wp-content\/uploads\/2024\/12\/01_Pranzo-domenicale-800x456.jpg 800w, https:\/\/onderoad.radiopopolare.it\/wp-content\/uploads\/2024\/12\/01_Pranzo-domenicale-768x438.jpg 768w, https:\/\/onderoad.radiopopolare.it\/wp-content\/uploads\/2024\/12\/01_Pranzo-domenicale-666x380.jpg 666w, https:\/\/onderoad.radiopopolare.it\/wp-content\/uploads\/2024\/12\/01_Pranzo-domenicale.jpg 1217w\" sizes=\"auto, (max-width: 800px) 100vw, 800px\" \/><\/p>\n<p><em>Il libro\u201cIl pranzo della domenica &#8211; V<\/em><em>iaggio sentimentale nella cucina delle nonne\u201d <\/em>(Sellerio Editore) \u00e8<em> un&#8217;immersione nei sapori, nei profumi e nelle storie che si celano dietro ogni piatto della tradizione. <a href=\"http:\/\/donpasta.it\/video-daniele-de-michele-donpasta\/\"><strong>DonPasta <\/strong><\/a><\/em><em>, ovvero <strong>Daniele De Michele<\/strong>, cuoco e narratore appassionato, ci guida alla scoperta di un mondo fatto di gesti antichi, di ricette tramandate da generazioni, di legami familiari e di radici profonde. Un giro d&#8217;Italia,<\/em> dalle colline dell&#8217;Irpinia alle campagne mantovane, dalle montagne siciliane ai caruggi di Genova. DonPasta non si limita a raccogliere ricette, ma scava nel passato condiviso, cogliendo l&#8217;essenza antropologica di ogni pietanza, il suo legame con la terra, la storia e l&#8217;identit\u00e0 di un popolo. Un omaggio alla cucina italiana come patrimonio culturale e affettivo, un inno alla condivisione e alla convivialit\u00e0, alle tradizioni che ci legano al passato e ci proiettano nel futuro. Un libro che ci ricorda che il cibo \u00e8 molto pi\u00f9 di un semplice nutrimento: \u00e8 memoria, \u00e8 identit\u00e0, \u00e8 amore. Ed essendo DonPasta un <em>gourmet -deejay per ogni tappa c&#8217;\u00e8 un brano musicale perch\u00e9 condire un piatto con una bella canzone d\u00e0 pi\u00f9 gusto. Come quando si usa il sale, il pepe o le spezie.<\/em><br \/>\nIl musicista, scrittore, giornalista, ciclo-inviato e cicloturista<a href=\"https:\/\/www.facebook.com\/GuidoneFoddis\/?locale=it_IT\"><strong><em> Guido Foddis<\/em><\/strong><\/a>&nbsp;<em>ci racconta di quando in occasione del Giro d&#8217;Italia , inviato della fantomatica rivista culinaria &#8220;Mangia Piano&#8221;, tent\u00f2 di trovare ogni sera una famiglia che lo invitasse a cena nella localit\u00e0 della tappa di quel giorno. Questa avventura, raccolta nelle pagine di \u201cUn giro a sbafo\u201d (Ediciclo Editore) Guido ce la racconta dalla Tanzania, dove in questi giorni sta seguendo un progetto di <a href=\"https:\/\/iboitalia.org\/\"><strong>IBO Italia<\/strong><\/a> <\/em><em>, una organizzazione non governativa di cooperazione internazionale.<\/em><br \/>\nIl &#8216;contadino biologico&#8217; <strong><em>Riccardo Finotti<\/em><\/strong> ci parla di alcuni piatti dimenticati della Valtellina, come la <strong><em>dumega<\/em><\/strong> e la cadolca. Il primo <em>veniva cucinato quando si ammazzava il ciun, il maiale. Tutte le parti che non venivano utilizzate per la preparazione dei salumi erano messe a cuocere in un paiolo con l&#8217;aggiunta di orzo e verdure <\/em>(in<em> realt\u00e0 la dumega \u00e8 un cereale locale un po&#8217; diverso dall&#8217;orzo, con i chicci un po&#8217; pi\u00f9 allungati). Il secondo piatto, la<\/em><strong><em> cadolca<\/em><\/strong>, risale a quando i vecchi contadini si riunivano, la sera, nel tepore della stalla, a pregare, a raccontare nuove e vecchie storie mentre le donne lavoravano la lana, confezionavano calze o ricamavano. Tra un pater e l\u2019altro passavano, in una ciotola scavata nel legno, del vino allungato con il latte appena munto. Se volete provarci anche voi ricordatevi di mescolare lo zucchero con il vino, aggiungervi il latte prestando attenzione che questo non diventi acido e servire in una coppa di legno&#8230;<\/p>\nngg_shortcode_0_placeholder\n","protected":false},"excerpt":{"rendered":"<p>Il libro\u201cIl pranzo della domenica &#8211; Viaggio sentimentale nella cucina delle nonne\u201d (Sellerio Editore) \u00e8 un&#8217;immersione nei sapori, nei profumi e nelle storie che si celano dietro ogni piatto della tradizione. DonPasta , ovvero Daniele De Michele, cuoco e narratore appassionato, ci guida alla scoperta di un mondo fatto di gesti antichi, di ricette tramandate &hellip; <a href=\"https:\/\/onderoad.radiopopolare.it\/?p=6889\" class=\"more-link\">Continua a leggere <span class=\"screen-reader-text\">Il pranzo della domenica<\/span><\/a><\/p>\n","protected":false},"author":1,"featured_media":0,"comment_status":"open","ping_status":"open","sticky":false,"template":"","format":"standard","meta":{"ngg_post_thumbnail":0,"footnotes":""},"categories":[1],"tags":[],"class_list":["post-6889","post","type-post","status-publish","format-standard","hentry","category-uncategorized","without-featured-image"],"_links":{"self":[{"href":"https:\/\/onderoad.radiopopolare.it\/index.php?rest_route=\/wp\/v2\/posts\/6889","targetHints":{"allow":["GET"]}}],"collection":[{"href":"https:\/\/onderoad.radiopopolare.it\/index.php?rest_route=\/wp\/v2\/posts"}],"about":[{"href":"https:\/\/onderoad.radiopopolare.it\/index.php?rest_route=\/wp\/v2\/types\/post"}],"author":[{"embeddable":true,"href":"https:\/\/onderoad.radiopopolare.it\/index.php?rest_route=\/wp\/v2\/users\/1"}],"replies":[{"embeddable":true,"href":"https:\/\/onderoad.radiopopolare.it\/index.php?rest_route=%2Fwp%2Fv2%2Fcomments&post=6889"}],"version-history":[{"count":1,"href":"https:\/\/onderoad.radiopopolare.it\/index.php?rest_route=\/wp\/v2\/posts\/6889\/revisions"}],"predecessor-version":[{"id":6909,"href":"https:\/\/onderoad.radiopopolare.it\/index.php?rest_route=\/wp\/v2\/posts\/6889\/revisions\/6909"}],"wp:attachment":[{"href":"https:\/\/onderoad.radiopopolare.it\/index.php?rest_route=%2Fwp%2Fv2%2Fmedia&parent=6889"}],"wp:term":[{"taxonomy":"category","embeddable":true,"href":"https:\/\/onderoad.radiopopolare.it\/index.php?rest_route=%2Fwp%2Fv2%2Fcategories&post=6889"},{"taxonomy":"post_tag","embeddable":true,"href":"https:\/\/onderoad.radiopopolare.it\/index.php?rest_route=%2Fwp%2Fv2%2Ftags&post=6889"}],"curies":[{"name":"wp","href":"https:\/\/api.w.org\/{rel}","templated":true}]}}