{"id":6866,"date":"2024-11-24T14:29:50","date_gmt":"2024-11-24T13:29:50","guid":{"rendered":"https:\/\/onderoad.radiopopolare.it\/?p=6866"},"modified":"2024-11-26T09:33:20","modified_gmt":"2024-11-26T08:33:20","slug":"viaggio-nelle-geografie-lorchiane-di-granada","status":"publish","type":"post","link":"https:\/\/onderoad.radiopopolare.it\/?p=6866","title":{"rendered":"Viaggio nelle geografie lorchiane di Granada"},"content":{"rendered":"<p><img loading=\"lazy\" decoding=\"async\" class=\"alignnone size-medium wp-image-6867\" src=\"https:\/\/onderoad.radiopopolare.it\/wp-content\/uploads\/2024\/11\/01_Federico-a-Valderrubio-800x463.jpg\" alt=\"\" width=\"800\" height=\"463\" srcset=\"https:\/\/onderoad.radiopopolare.it\/wp-content\/uploads\/2024\/11\/01_Federico-a-Valderrubio-800x463.jpg 800w, https:\/\/onderoad.radiopopolare.it\/wp-content\/uploads\/2024\/11\/01_Federico-a-Valderrubio-768x445.jpg 768w, https:\/\/onderoad.radiopopolare.it\/wp-content\/uploads\/2024\/11\/01_Federico-a-Valderrubio-656x380.jpg 656w, https:\/\/onderoad.radiopopolare.it\/wp-content\/uploads\/2024\/11\/01_Federico-a-Valderrubio.jpg 1859w\" sizes=\"auto, (max-width: 800px) 100vw, 800px\" \/><\/p>\n<p>Granada non \u00e8 solo l\u2019<strong><em>Alhambra<\/em><\/strong>. Certo, l\u2019Alhambra, la vetta dell&#8217;architettura musulmana, \u00e8 uno dei luoghi pi\u00f9 magici che la penisola iberica possa regalare ai propri visitatori. Ma Granada non \u00e8 solo l\u2019Alhambra. La sua posizione geografica \u00e8 invidiabile: a mezz&#8217;ora dalla citt\u00e0 c&#8217;\u00e8 un comprensorio sciistico sito all&#8217;interno del <strong><em>Parco Nazionale della Sierra Nevada<\/em><\/strong>, e la costa (<strong><em>Motril<\/em><\/strong>) dista solo un&#8217;ora di macchina. Ha dato i natali a numerose personalit\u00e0, tra cui spicca il poeta, drammaturgo e regista teatrale <strong><em>Federico Garcia Lorca<\/em><\/strong>. Un viaggio&nbsp; tra le sue geografie non pu\u00f2 che iniziare dal <a href=\"https:\/\/centrofedericogarcialorca.es\/\"><strong><em>Centro Federico Garcia<\/em><\/strong><strong><em> Lorca <\/em><\/strong><\/a>, un moderno edificio nel centro storico di Granada che ospita numerose sale di esposizioni, un teatro, una biblioteca e l&#8217;ampio archivio dell&#8217;autore e della sua fondazione. E\u2019 anche sede di numerose attivit\u00e0 come opere di teatro e danza, concerti di musica, presentazioni e molto altro\u2026 La tappa successiva \u00e8 la casa natale di Lorca a <strong><em>Fuentevaqueros<\/em><\/strong>, distante una ventina di chilometri da Granada. Federico nacque il 5 giugno 1898 nella casa della maestra del villaggio, sua madre, <em>Do\u00f1a <\/em>Vicenta Lorca, la seconda moglie del padre di Lorca. Con l&#8217;aiuto della sorella del poeta la casa \u00e8 stata ricostruita fedelmente, con molti oggetti originali. Il vecchio fienile \u00e8 diventato una sala espositiva ed oggi questa casa offre una vasta collezione di fotografie, manoscritti, pubblicazioni, curiosit\u00e0. Pochi chilometri e si arriva a <strong><em>Valderrubio<\/em><\/strong>, dove si pu\u00f2 visitare la casa di <a href=\"https:\/\/valderrubioenlorca.com\/casa-bernarda-alba\/\"><strong><em>Bernarda Alba <\/em><\/strong><\/a>, fonte di ispirazione di una delle sue opere pi\u00f9 conosciute e pi\u00f9 rappresentate.&nbsp; Per pranzo si pu\u00f2 tornare in citt\u00e0 e puntare sul&nbsp; <strong><em>ristorante Chikito<\/em><\/strong>. Originariamente era un bar chiamato Alameda ed era il ritrovo dell\u2019intellighenzia locale che praticava la \u201ctertullia\u201d, un&#8217;espressione locale traducibile con \u201cchiacchierate colte\u201d. &nbsp;In questa tertullia leteraria Federico lesse le sue prime poesie e tenne discorsi antologici. Lui e il suo gruppo di amici erano conosciuti come &#8220;El Rinconcillo&#8221; (il piccolo angolo) per via del posto in cui si sedevano nella sala. Qui o in uno dei tanti ristorante di Granada si possono degustare svariate specialit\u00e0 locali, per digerire le quali basta inerpicarsi lungo le strette strade lastricate del <strong><em>Sacromonte<\/em><\/strong>, il quartiere gitano famoso per le sue case-grotte scavate nella roccia: una sorta di Matera in salsa iberica. In quelle grotte oggi riecheggiano le note della <strong><em>Zambra<\/em><\/strong>, la festa che accompagnava il canto e il ballo durante le cerimonie nuziali gitane, la cui origine risale. La sua origine rimanda ai rituali nuziali moreschi che qui avevano luogo nel XVI secolo. Tappa fondamentale per capire l&#8217;essenza del <strong><em>duende<\/em>,<\/strong> un termine intraducibile (nel dialetto andaluso, <em>duende<\/em> pu\u00f2 significare folletto ma anche broccato e stoffa pregiata). Nel saggio \u201cIl duende. Teoria e gioco\u201d <em>, che risale al 1930, Federico Garcia Lorca scrive che il<\/em>&nbsp;<em>duende<\/em> \u00e8 \u201c&#8230;un potere e non un agire\u201d, \u201cun lottare e non un pensare\u201d. Il poeta sent\u00ec dire da un vecchio maestro di chitarra che&nbsp; \u201c&#8230;non sta nella gola\u201d ma \u201csale interiormente dalla pianta dei piedi\u201d e si ritrova come intima cifra di ogni atto di genio; \u201c&#8230;si sa soltanto che brucia il sangue, che prosciuga, che respinge tutta la dolce geometria appresa, che rompe gli stili\u201d. E&#8217; quella cosa che ogni artista vorrebbe per s\u00e9, e che i toreri a volte mostrano nei loro movimenti, ma anche i pittori, i musicisti, i ballerini di flamenco, i poeti.Lorca chiude il suo saggio chiedendo: \u201cMa dov\u2019\u00e8 il duende?\u201d&nbsp; Dopo una serata sul Sacromonte osiamo rispondergli: tra la musa e un angelo, nelle pieghe del pensiero.<br \/>\n<em>L&#8217;ispano-americanista Irina Bajini ci suggerisce &nbsp;un paio di libri &#8216;insoliti&#8217; dedicati a Federico Garcia Lorca da mettere nello zaino prima di un viaggio a Granada:&nbsp; la graphic novel &#8220;Federico&#8221; di Ilu Ross (Ed. Ventanas) e il giallo &#8220;La canzone del cavaliere&#8221; di <strong>Ben Pastor<\/strong> <\/em><em>, con un incredibile Federico mutante&#8230;<\/em><\/p>\n<p><em><strong><a href=\"https:\/\/www.spain.info\/\">spain.info<\/a><\/strong>&nbsp;&nbsp; <strong><a href=\"https:\/\/turgranada.es\/es\">turgranada.es<\/a><\/strong>&nbsp; <strong><a href=\"https:\/\/www.andalucia.org\/es\/inicio\">andalucia.org<\/a><\/strong><\/em><\/p>\nngg_shortcode_0_placeholder\n","protected":false},"excerpt":{"rendered":"<p>Granada non \u00e8 solo l\u2019Alhambra. Certo, l\u2019Alhambra, la vetta dell&#8217;architettura musulmana, \u00e8 uno dei luoghi pi\u00f9 magici che la penisola iberica possa regalare ai propri visitatori. Ma Granada non \u00e8 solo l\u2019Alhambra. La sua posizione geografica \u00e8 invidiabile: a mezz&#8217;ora dalla citt\u00e0 c&#8217;\u00e8 un comprensorio sciistico sito all&#8217;interno del Parco Nazionale della Sierra Nevada, e &hellip; <a href=\"https:\/\/onderoad.radiopopolare.it\/?p=6866\" class=\"more-link\">Continua a leggere <span class=\"screen-reader-text\">Viaggio nelle geografie lorchiane di Granada<\/span><\/a><\/p>\n","protected":false},"author":1,"featured_media":0,"comment_status":"open","ping_status":"open","sticky":false,"template":"","format":"standard","meta":{"ngg_post_thumbnail":0,"footnotes":""},"categories":[1],"tags":[],"class_list":["post-6866","post","type-post","status-publish","format-standard","hentry","category-uncategorized","without-featured-image"],"_links":{"self":[{"href":"https:\/\/onderoad.radiopopolare.it\/index.php?rest_route=\/wp\/v2\/posts\/6866","targetHints":{"allow":["GET"]}}],"collection":[{"href":"https:\/\/onderoad.radiopopolare.it\/index.php?rest_route=\/wp\/v2\/posts"}],"about":[{"href":"https:\/\/onderoad.radiopopolare.it\/index.php?rest_route=\/wp\/v2\/types\/post"}],"author":[{"embeddable":true,"href":"https:\/\/onderoad.radiopopolare.it\/index.php?rest_route=\/wp\/v2\/users\/1"}],"replies":[{"embeddable":true,"href":"https:\/\/onderoad.radiopopolare.it\/index.php?rest_route=%2Fwp%2Fv2%2Fcomments&post=6866"}],"version-history":[{"count":2,"href":"https:\/\/onderoad.radiopopolare.it\/index.php?rest_route=\/wp\/v2\/posts\/6866\/revisions"}],"predecessor-version":[{"id":6888,"href":"https:\/\/onderoad.radiopopolare.it\/index.php?rest_route=\/wp\/v2\/posts\/6866\/revisions\/6888"}],"wp:attachment":[{"href":"https:\/\/onderoad.radiopopolare.it\/index.php?rest_route=%2Fwp%2Fv2%2Fmedia&parent=6866"}],"wp:term":[{"taxonomy":"category","embeddable":true,"href":"https:\/\/onderoad.radiopopolare.it\/index.php?rest_route=%2Fwp%2Fv2%2Fcategories&post=6866"},{"taxonomy":"post_tag","embeddable":true,"href":"https:\/\/onderoad.radiopopolare.it\/index.php?rest_route=%2Fwp%2Fv2%2Ftags&post=6866"}],"curies":[{"name":"wp","href":"https:\/\/api.w.org\/{rel}","templated":true}]}}