{"id":6843,"date":"2024-11-10T22:36:26","date_gmt":"2024-11-10T21:36:26","guid":{"rendered":"https:\/\/onderoad.radiopopolare.it\/?p=6843"},"modified":"2024-11-13T08:45:15","modified_gmt":"2024-11-13T07:45:15","slug":"valle-di-scalve","status":"publish","type":"post","link":"https:\/\/onderoad.radiopopolare.it\/?p=6843","title":{"rendered":"VALLE di SCALVE"},"content":{"rendered":"<p><img loading=\"lazy\" decoding=\"async\" class=\"alignnone size-medium wp-image-6844\" src=\"https:\/\/onderoad.radiopopolare.it\/wp-content\/uploads\/2024\/11\/01_Cascata-del-Vo-800x476.jpg\" alt=\"\" width=\"800\" height=\"476\" srcset=\"https:\/\/onderoad.radiopopolare.it\/wp-content\/uploads\/2024\/11\/01_Cascata-del-Vo-800x476.jpg 800w, https:\/\/onderoad.radiopopolare.it\/wp-content\/uploads\/2024\/11\/01_Cascata-del-Vo-768x457.jpg 768w, https:\/\/onderoad.radiopopolare.it\/wp-content\/uploads\/2024\/11\/01_Cascata-del-Vo-639x380.jpg 639w, https:\/\/onderoad.radiopopolare.it\/wp-content\/uploads\/2024\/11\/01_Cascata-del-Vo.jpg 1500w\" sizes=\"auto, (max-width: 800px) 100vw, 800px\" \/><\/p>\n<p>\u201cLa \u00abcrisi idrica globale\u00bb \u00e8 un argomento di grande successo, in questo avvio di terzo millennio. Ma la risposta al problema resta inadeguata: anzich\u00e9 alla comprensione della crisi, si lavora alla sua spettacolarizzazione. Le star di Hollywood ci invitano a elargire generose donazioni, come singoli consumatori. Le multinazionali dell&#8217;acqua in bottiglia e della birra portano avanti campagne pubblicitarie basate sulle loro politiche di sostenibilit\u00e0. Le associazioni benefiche si rendono intanto conto di avere bisogno di \u00absoldi veri\u00bb, cio\u00e8 di ottenere degli utili da ci\u00f2 che fanno&#8230;\u201d. (da &#8220;Sete&#8221; di <strong><em>Filippo Menga<\/em><\/strong>, ed. Ponte alle Grazie).<\/p>\n<p>E&#8217; leggendo questo libro che ho deciso di fare una nuova puntata di Onde Road dedicata all&#8217;acqua. E per farla ho pensato a un viaggio nella <a href=\"https:\/\/www.valdiscalve.it\/\"><strong><em>Valle di Scalve <\/em><\/strong><\/a>: una valle, a confine tra la bergamasca e il bresciano, dove l&#8217;acqua da sempre ha pesantemente segnato la vita di chi l&#8217;abitava e la abita. &nbsp;Lo certifica un altare vecchio di secoli (il dibattito sulle origine celtiche o romaniche \u00e8 ancora aperto) in prossimit\u00e0 del <strong><em>torrente V\u00f2<\/em><\/strong>, nelle cui adiacenze \u00e8 stata rinvenuta una coppella, solitamente utilizzata per riti legati all&#8217;acqua. All&#8217;altezza di Ronco, dove il V\u00f2 si immette nel <strong><em>Dezzo<\/em><\/strong> (un fiume di soli 36 chilometri a cui si deve per\u00f2 l&#8217;esistenza della Valle di Scalve) c&#8217;\u00e8 una vecchia sorgente dove l&#8217;acqua sembra sgorgare da un accesso che parrebbe portare all&#8217;ingresso di una miniera. <strong><em>Maurilio Grassi<\/em><\/strong>, guida escursionistica-ambientale e neo direttore del Museo Etnografico di Schilpario, racconta la storia della diga del Gleno. Ideata per sfruttare appieno l\u2019energia prodotta dall\u2019acqua, fu finanziata dalla famiglia Vigan\u00f2, proprietaria di importanti cotonifici lombardi. Per ottenere il massimo dalla forza gravitazionale dell\u2019acqua nella valle del Gleno, fu realizzata una diga ad archi multipli, all\u2019epoca considerata una delle pi\u00f9 moderne innovazioni ingegneristiche. Il bacino, posto ad un\u2019altitudine di 1.500 metri, alimentava una prima centrale 400 metri pi\u00f9 a valle e questa a sua volta consentiva il funzionamento di una seconda centrale. Nei mesi precedenti al crollo vennero ripetutamente segnalate perdite d\u2019acqua alla base e nella muratura in calce dello sbarramento.&nbsp; Alle ore 7.15 del 1\u00b0 dicembre 1923, la <strong><em>Diga del Gleno<\/em><\/strong> croll\u00f2: sei milioni di metri cubi di acqua invasero la valle sottostante, colpendo per primo l\u2019abitato di Bueggio, che venne totalmente distrutto, per poi proseguire e distruggere buona parte del paese di Dezzo. L\u2019acqua raggiunse in seguito Angolo Terme e Darfo, in Valle Camonica, per finire la sua corsa nel Lago di Iseo. I morti di questo disastro non vennero mai contabilizzati con precisione, ma si stima che ci furono tra le 350 e le 600 vittime.<br \/>\nUn mini-trekking alla portata di tutti porta ad uno dei punti pi\u00f9 affascinanti della Valle di Scalve: la <strong><em>Via Mala<\/em><\/strong>. Costeggiando dall&#8217;alto le acque del Dezzo, univa la Val d&#8217;Angolo, tributaria della bresciana Valcamonica, con la Val di Scalve, territorio delle Alpi Orobie Orientali. Una valle remota, da sempre contesa: dal punto di vista territoriale \u00e8 bergamasca, mentre la gestione delle acque \u00e8 della provincia di Brescia. Dall&#8217;alto si domina un paesaggio selvaggio, dove il tempo sembra essersi fermato. Scendendo dalle ripide pareti su cui poggia la vecchia via Mala ci si cala in un paradiso per pescatori. Ne parliamo con <strong><em>Gianluca Bonomi<\/em><\/strong>, guida di pesca, che ci introduce nel complesso mondo della pesca &#8216;no kill&#8217; con la mosca. <strong><em>Adelino Ziliani<\/em><\/strong>, invece, ci racconta la storia , e le propriet\u00e0 terapeutiche, delle acque di <a href=\"https:\/\/www.termediboario.it\/\"><strong><em>Boario Terme <\/em><\/strong><\/a>, storico centro termale frequentato, ai tempi, anche da Alessandro Manzoni&#8230;<\/p>\n<p><em>Per approfondimenti consigliamo i seguenti volumi curati da Maurilio Grassi:<\/em><br \/>\n<em>.- Calchere. L&#8217;industria povera della Valle di Scalve<\/em><br \/>\n<em>.- Messaggi dalle rocce . L&#8217;arte rupestre della Valle di Scalve<\/em><br \/>\n<em>.- I frerini della Valle di Scalve. Note sull&#8217;attivit\u00e0 estrattiva locale preindustriale<\/em><\/p>\nngg_shortcode_0_placeholder\n","protected":false},"excerpt":{"rendered":"<p>\u201cLa \u00abcrisi idrica globale\u00bb \u00e8 un argomento di grande successo, in questo avvio di terzo millennio. Ma la risposta al problema resta inadeguata: anzich\u00e9 alla comprensione della crisi, si lavora alla sua spettacolarizzazione. Le star di Hollywood ci invitano a elargire generose donazioni, come singoli consumatori. Le multinazionali dell&#8217;acqua in bottiglia e della birra portano &hellip; <a href=\"https:\/\/onderoad.radiopopolare.it\/?p=6843\" class=\"more-link\">Continua a leggere <span class=\"screen-reader-text\">VALLE di SCALVE<\/span><\/a><\/p>\n","protected":false},"author":1,"featured_media":0,"comment_status":"open","ping_status":"open","sticky":false,"template":"","format":"standard","meta":{"ngg_post_thumbnail":0,"footnotes":""},"categories":[1],"tags":[],"class_list":["post-6843","post","type-post","status-publish","format-standard","hentry","category-uncategorized","without-featured-image"],"_links":{"self":[{"href":"https:\/\/onderoad.radiopopolare.it\/index.php?rest_route=\/wp\/v2\/posts\/6843","targetHints":{"allow":["GET"]}}],"collection":[{"href":"https:\/\/onderoad.radiopopolare.it\/index.php?rest_route=\/wp\/v2\/posts"}],"about":[{"href":"https:\/\/onderoad.radiopopolare.it\/index.php?rest_route=\/wp\/v2\/types\/post"}],"author":[{"embeddable":true,"href":"https:\/\/onderoad.radiopopolare.it\/index.php?rest_route=\/wp\/v2\/users\/1"}],"replies":[{"embeddable":true,"href":"https:\/\/onderoad.radiopopolare.it\/index.php?rest_route=%2Fwp%2Fv2%2Fcomments&post=6843"}],"version-history":[{"count":1,"href":"https:\/\/onderoad.radiopopolare.it\/index.php?rest_route=\/wp\/v2\/posts\/6843\/revisions"}],"predecessor-version":[{"id":6863,"href":"https:\/\/onderoad.radiopopolare.it\/index.php?rest_route=\/wp\/v2\/posts\/6843\/revisions\/6863"}],"wp:attachment":[{"href":"https:\/\/onderoad.radiopopolare.it\/index.php?rest_route=%2Fwp%2Fv2%2Fmedia&parent=6843"}],"wp:term":[{"taxonomy":"category","embeddable":true,"href":"https:\/\/onderoad.radiopopolare.it\/index.php?rest_route=%2Fwp%2Fv2%2Fcategories&post=6843"},{"taxonomy":"post_tag","embeddable":true,"href":"https:\/\/onderoad.radiopopolare.it\/index.php?rest_route=%2Fwp%2Fv2%2Ftags&post=6843"}],"curies":[{"name":"wp","href":"https:\/\/api.w.org\/{rel}","templated":true}]}}