{"id":6820,"date":"2024-11-03T16:33:50","date_gmt":"2024-11-03T15:33:50","guid":{"rendered":"https:\/\/onderoad.radiopopolare.it\/?p=6820"},"modified":"2024-11-04T10:56:38","modified_gmt":"2024-11-04T09:56:38","slug":"dalla-val-grande-ai-nuovi-deserti-italiani-2","status":"publish","type":"post","link":"https:\/\/onderoad.radiopopolare.it\/?p=6820","title":{"rendered":"DALLA VAL GRANDE AI NUOVI DESERTI ITALIANI"},"content":{"rendered":"<p><img loading=\"lazy\" decoding=\"async\" class=\"alignnone size-medium wp-image-6821\" src=\"https:\/\/onderoad.radiopopolare.it\/wp-content\/uploads\/2024\/11\/01_Parco-Nazionale-Val-Grande-800x414.jpg\" alt=\"\" width=\"800\" height=\"414\" srcset=\"https:\/\/onderoad.radiopopolare.it\/wp-content\/uploads\/2024\/11\/01_Parco-Nazionale-Val-Grande-800x414.jpg 800w, https:\/\/onderoad.radiopopolare.it\/wp-content\/uploads\/2024\/11\/01_Parco-Nazionale-Val-Grande-768x397.jpg 768w, https:\/\/onderoad.radiopopolare.it\/wp-content\/uploads\/2024\/11\/01_Parco-Nazionale-Val-Grande-735x380.jpg 735w, https:\/\/onderoad.radiopopolare.it\/wp-content\/uploads\/2024\/11\/01_Parco-Nazionale-Val-Grande.jpg 1180w\" sizes=\"auto, (max-width: 800px) 100vw, 800px\" \/><\/p>\n<p>Il <a href=\"https:\/\/www.parcovalgrande.it\/\"><strong><em>Parco Nazionale della Val Grande<\/em><\/strong><\/a> si estende nel cuore della provincia del Verbano Cusio Ossola, tra creste dirupate e cime solitarie, ed \u00e8 parte del <a href=\"http:\/\/www.sesiavalgrandegeopark.it\/index.php\/it\/\"><strong><em>geoparco Sesia Val Grande<\/em><\/strong><\/a> , una pi\u00f9 grande area di interesse geologico entrata a far parte della rete mondiale di geoparchi, patrocinata dall\u2019Unesco. E\u2019 l\u2019area selvaggia pi\u00f9 vasta d\u2019ltalia, una wilderness a due passi dalla civilt\u00e0. Un santuario dell\u2019ambiente dove la natura sta lentamente recuperando i suoi spazi, dove boschi senza fine, acque trasparenti e silenzi incontrastati accompagnano ogni passo del visitatore. Ma la Val Grande \u00e8 anche storia. Il lungo racconto di una civilt\u00e0 montanara narrato dai luoghi e dalla gente dei paesi che circondano quest\u2019area fra Ossola, Verbano, Val Vigezzo, Valle Intrasca e Cannobina. Percorrendo i sentieri della Val Grande si scoprono i segni lasciati dall\u2019uomo nei secoli passati quando la valle era meta di pastori e boscaioli, tracce di una vita faticosa, testimonianza della capacit\u00e0 di adattarsi a un territorio impervio e inaccessibile. La verticalit\u00e0 era il principale elemento di sopravvivenza: tutta l\u2019economia della comunit\u00e0 montana era basata sugli spostamenti altitudinali stagionali, in base ai ritmi della natura. Ne sono testimonianza le ciclopiche opere di terrazzamento destinate alla coltivazione ed una fitta rete di strade e sentieri che segnavano i versanti vallivi collegando il fondovalle ai maggenghi e agli alpeggi. Su queste montagne, inoltre, \u00e8 stata scritta una pagina importante della <strong><em>Resistenza italiana<\/em><\/strong>. Nel giugno del 1944 la Val Grande e la Val Pogallo furono teatro di aspri scontri tra le formazioni partigiane e le truppe nazifasciste (nelle adiacenze va visitata la <a href=\"https:\/\/www.casadellaresistenza.it\/\"><strong><em>Casa della Resistenza<\/em><\/strong><\/a> , un importante luogo di memoria). Di questo e molto altro ne parlano lo scrittore <strong><em>Marco Albino Ferrari<\/em><\/strong>, e <strong><em>Massimo Gocci<\/em><\/strong>, in passato presidente del Parco Nazionale della Val Grande. Invece la naturalista <strong><em>Valentina Scaglia <\/em><\/strong>ci racconta del suo commovente incontro con <strong><em>Gianfry<\/em><\/strong>, l\u2019eremita della Val Grande. La bulimia naturalistica di una localit\u00e0 come la Val Grande \u00e8 ancora pi\u00f9 apprezzabile se ci ricordiamo quanto stia soffrendo la natura nel resto dell\u2019Italia. Una cruda testimonianza ci arriva da <strong><em>Deserti d\u2019Italia<\/em><\/strong>, un\u2019insolita guida turistica curata da <strong><em>Gabriele Galimberti<\/em><\/strong>. Come recita il sottotitolo del libro: \u201cPaesaggi mozzafiato di cui il Bel Paese non avrebbe bisogno\u201d, \u00e8 un viaggio, corredato da impressionanti fotografie, tra le aree a rischio <strong><em>desertificazione <\/em><\/strong>nel Bel Paese. Un fenomeno che, contrariamente a quanto ci si aspetterebbe, non \u00e8 presente solo al Sud (dove comunque le aree a rischio sono molto estese: 70% della Sicilia, il 57% della Puglia, il 58% del Molise e il 55% della Basilicata sono a rischio desertificazione), ma anche al Centro e al Nord, dall\u2019Abruzzo all\u2019Isola d\u2019Elba, dall\u2019Emilia-Romagna alla Lombardia.<\/p>\nngg_shortcode_0_placeholder\n","protected":false},"excerpt":{"rendered":"<p>Il Parco Nazionale della Val Grande si estende nel cuore della provincia del Verbano Cusio Ossola, tra creste dirupate e cime solitarie, ed \u00e8 parte del geoparco Sesia Val Grande , una pi\u00f9 grande area di interesse geologico entrata a far parte della rete mondiale di geoparchi, patrocinata dall\u2019Unesco. E\u2019 l\u2019area selvaggia pi\u00f9 vasta d\u2019ltalia, &hellip; <a href=\"https:\/\/onderoad.radiopopolare.it\/?p=6820\" class=\"more-link\">Continua a leggere <span class=\"screen-reader-text\">DALLA VAL GRANDE AI NUOVI DESERTI ITALIANI<\/span><\/a><\/p>\n","protected":false},"author":1,"featured_media":0,"comment_status":"open","ping_status":"open","sticky":false,"template":"","format":"standard","meta":{"ngg_post_thumbnail":0,"footnotes":""},"categories":[1],"tags":[],"class_list":["post-6820","post","type-post","status-publish","format-standard","hentry","category-uncategorized","without-featured-image"],"_links":{"self":[{"href":"https:\/\/onderoad.radiopopolare.it\/index.php?rest_route=\/wp\/v2\/posts\/6820","targetHints":{"allow":["GET"]}}],"collection":[{"href":"https:\/\/onderoad.radiopopolare.it\/index.php?rest_route=\/wp\/v2\/posts"}],"about":[{"href":"https:\/\/onderoad.radiopopolare.it\/index.php?rest_route=\/wp\/v2\/types\/post"}],"author":[{"embeddable":true,"href":"https:\/\/onderoad.radiopopolare.it\/index.php?rest_route=\/wp\/v2\/users\/1"}],"replies":[{"embeddable":true,"href":"https:\/\/onderoad.radiopopolare.it\/index.php?rest_route=%2Fwp%2Fv2%2Fcomments&post=6820"}],"version-history":[{"count":1,"href":"https:\/\/onderoad.radiopopolare.it\/index.php?rest_route=\/wp\/v2\/posts\/6820\/revisions"}],"predecessor-version":[{"id":6840,"href":"https:\/\/onderoad.radiopopolare.it\/index.php?rest_route=\/wp\/v2\/posts\/6820\/revisions\/6840"}],"wp:attachment":[{"href":"https:\/\/onderoad.radiopopolare.it\/index.php?rest_route=%2Fwp%2Fv2%2Fmedia&parent=6820"}],"wp:term":[{"taxonomy":"category","embeddable":true,"href":"https:\/\/onderoad.radiopopolare.it\/index.php?rest_route=%2Fwp%2Fv2%2Fcategories&post=6820"},{"taxonomy":"post_tag","embeddable":true,"href":"https:\/\/onderoad.radiopopolare.it\/index.php?rest_route=%2Fwp%2Fv2%2Ftags&post=6820"}],"curies":[{"name":"wp","href":"https:\/\/api.w.org\/{rel}","templated":true}]}}