{"id":6729,"date":"2024-09-22T14:52:27","date_gmt":"2024-09-22T13:52:27","guid":{"rendered":"https:\/\/onderoad.radiopopolare.it\/?p=6729"},"modified":"2024-09-23T07:58:08","modified_gmt":"2024-09-23T06:58:08","slug":"ritorno-a-cuba","status":"publish","type":"post","link":"https:\/\/onderoad.radiopopolare.it\/?p=6729","title":{"rendered":"Ritorno a Cuba"},"content":{"rendered":"<p><img loading=\"lazy\" decoding=\"async\" class=\"alignnone size-medium wp-image-6730\" src=\"https:\/\/onderoad.radiopopolare.it\/wp-content\/uploads\/2024\/09\/01_Cuba_Ph-Gianluca-Colonnese-800x533.jpg\" alt=\"\" width=\"800\" height=\"533\" srcset=\"https:\/\/onderoad.radiopopolare.it\/wp-content\/uploads\/2024\/09\/01_Cuba_Ph-Gianluca-Colonnese-800x533.jpg 800w, https:\/\/onderoad.radiopopolare.it\/wp-content\/uploads\/2024\/09\/01_Cuba_Ph-Gianluca-Colonnese-768x512.jpg 768w, https:\/\/onderoad.radiopopolare.it\/wp-content\/uploads\/2024\/09\/01_Cuba_Ph-Gianluca-Colonnese-570x380.jpg 570w, https:\/\/onderoad.radiopopolare.it\/wp-content\/uploads\/2024\/09\/01_Cuba_Ph-Gianluca-Colonnese.jpg 2048w\" sizes=\"auto, (max-width: 800px) 100vw, 800px\" \/><\/p>\n<p>Cuba continua a cercare di sopravvivere nonostante una crisi da cui non riesce a risollevarsi.<br \/>\nCome ricorda <strong><em>Alfredo Somoza<\/em><\/strong>, la colpa \u00e8 del blocco economico che la colpisce da decenni, ma responsabilit\u00e0 vanno ascritte a un governo che sembra incapace di apportare quei cambiamenti ad un sistema politico \u2013 economico che necessita di qualche ripensamento. Il risultato \u00e8 un costante aumento del prezzo della benzina, la difficolt\u00e0 nel reperimento i generi alimentari di prima necessit\u00e0 &#8211; dal pane fino al latte per neonati &#8211; e la fuga dal Paese di migliaia di persone.<br \/>\n<strong><em>Anna Gomarasca<\/em><\/strong> e il fotografo <strong><em>Gianluca Colonnese<\/em><\/strong> ci portano a <strong><em>Ciego de \u00c1vila<\/em><\/strong>, &nbsp;una cittadina nel cuore dell&#8217;isola dove, senza disboscamenti e deforestazioni, si produce il carbone vegetale. Una realt\u00e0 che garantisce la vita a circa 3000 persone, pi\u00f9 l&#8217;indotto. Dieci, cento, mille Ciego de \u00c1vila darebbero una grossa spinta a Cuba per uscire dalla crisi&#8230;<br \/>\nUn default che si spiega anche con la decennale crisi dell&#8217;industria saccarifera, su cui ancora oggi pende il retaggio dello schiavismo. Ce lo ricordano le vicende di <strong><em>Esteban Montejo<\/em><\/strong>, un cimarr\u00f3n (gli schiavi che fuggivano dalle piantagioni di canna da zucchero per rifugiarsi sui monti), nato e vissuto a Cuba fino a oltre cent&#8217;anni. La sua storia \u00e8 raccontata in \u201c<strong><em>Cimarr\u00f2n. Biografia di uno schiavo fuggiasco<\/em><\/strong>\u201d di <strong><em>Miguel Barnet<\/em><\/strong>, recentemente pubblicato in Italia per i tipi di Quodlibet. Barnet scrive: \u00abMi accorsi, gi\u00e0 durante le prime interviste, che Esteban Montejo era una vita importante, anonima, quella della storia di Cuba, e che bisognava riscattarla\u00bb. Edito originariamente nel 1966, e divenuto famoso in Italia grazie a <strong><em>Italo Calvino<\/em><\/strong>, \u00e8 la fotografia di un rapporto di empatia e di rispetto reciproco, che \u00e8 durato dal 1963 fin dopo la morte di Esteban e che ha rappresentato la fortuna di Barnet, ma anche la presa di coscienza da parte del cimarr\u00f2n \u00abdel fatto che era un uomo con una vita importante\u00bb, nonostante non sapesse quando, dove e da chi fosse nato.<br \/>\nNonostante tutto Cuba continua ad essere un posto magico. A partire dai suoi colori. \u201cIl colore a Cuba \u00e8 tutto, sia quando c&#8217;\u00e8, che quando non c&#8217;\u00e8. Anche davanti a facciate di edifici scrostati, capisci che il colore brilla per la sua assenza, corrosa dagli anni\u201d. Sono parole della fotografa <strong><em>Carolina Sandretto<\/em><\/strong>, autrice di \u201c<strong><em>Cuba. Vivir con<\/em><\/strong>\u201d (Silvana Editrice). Un libro offre un\u2019affascinante esplorazione del mondo dei \u201c<strong><em>solares<\/em><\/strong>\u201d, gli alloggi popolari trasformati in spazi abitativi multifamiliari dal governo locale dopo la Rivoluzione Cubana del 1959. Un lavoro dove Carolina si concentra sulla figura umana e sul suo rapporto con lo spazio abitativo, inteso sia come luogo sia privato che pubblico. Pi\u00f9 che un libro fotografico, un album di famiglia che rispecchia la complessit\u00e0 della societ\u00e0 cubana contemporanea.&nbsp;<\/p>\nngg_shortcode_0_placeholder\n","protected":false},"excerpt":{"rendered":"<p>Cuba continua a cercare di sopravvivere nonostante una crisi da cui non riesce a risollevarsi. Come ricorda Alfredo Somoza, la colpa \u00e8 del blocco economico che la colpisce da decenni, ma responsabilit\u00e0 vanno ascritte a un governo che sembra incapace di apportare quei cambiamenti ad un sistema politico \u2013 economico che necessita di qualche ripensamento. &hellip; <a href=\"https:\/\/onderoad.radiopopolare.it\/?p=6729\" class=\"more-link\">Continua a leggere <span class=\"screen-reader-text\">Ritorno a Cuba<\/span><\/a><\/p>\n","protected":false},"author":1,"featured_media":0,"comment_status":"open","ping_status":"open","sticky":false,"template":"","format":"standard","meta":{"ngg_post_thumbnail":0,"footnotes":""},"categories":[1],"tags":[],"class_list":["post-6729","post","type-post","status-publish","format-standard","hentry","category-uncategorized","without-featured-image"],"_links":{"self":[{"href":"https:\/\/onderoad.radiopopolare.it\/index.php?rest_route=\/wp\/v2\/posts\/6729","targetHints":{"allow":["GET"]}}],"collection":[{"href":"https:\/\/onderoad.radiopopolare.it\/index.php?rest_route=\/wp\/v2\/posts"}],"about":[{"href":"https:\/\/onderoad.radiopopolare.it\/index.php?rest_route=\/wp\/v2\/types\/post"}],"author":[{"embeddable":true,"href":"https:\/\/onderoad.radiopopolare.it\/index.php?rest_route=\/wp\/v2\/users\/1"}],"replies":[{"embeddable":true,"href":"https:\/\/onderoad.radiopopolare.it\/index.php?rest_route=%2Fwp%2Fv2%2Fcomments&post=6729"}],"version-history":[{"count":1,"href":"https:\/\/onderoad.radiopopolare.it\/index.php?rest_route=\/wp\/v2\/posts\/6729\/revisions"}],"predecessor-version":[{"id":6749,"href":"https:\/\/onderoad.radiopopolare.it\/index.php?rest_route=\/wp\/v2\/posts\/6729\/revisions\/6749"}],"wp:attachment":[{"href":"https:\/\/onderoad.radiopopolare.it\/index.php?rest_route=%2Fwp%2Fv2%2Fmedia&parent=6729"}],"wp:term":[{"taxonomy":"category","embeddable":true,"href":"https:\/\/onderoad.radiopopolare.it\/index.php?rest_route=%2Fwp%2Fv2%2Fcategories&post=6729"},{"taxonomy":"post_tag","embeddable":true,"href":"https:\/\/onderoad.radiopopolare.it\/index.php?rest_route=%2Fwp%2Fv2%2Ftags&post=6729"}],"curies":[{"name":"wp","href":"https:\/\/api.w.org\/{rel}","templated":true}]}}