{"id":6592,"date":"2024-06-23T15:46:17","date_gmt":"2024-06-23T14:46:17","guid":{"rendered":"https:\/\/onderoad.radiopopolare.it\/?p=6592"},"modified":"2024-06-24T06:53:54","modified_gmt":"2024-06-24T05:53:54","slug":"in-serbia-con-radio-popolare","status":"publish","type":"post","link":"https:\/\/onderoad.radiopopolare.it\/?p=6592","title":{"rendered":"In Serbia con Radio Popolare"},"content":{"rendered":"<p><img loading=\"lazy\" decoding=\"async\" class=\"alignnone size-full wp-image-6593\" src=\"https:\/\/onderoad.radiopopolare.it\/wp-content\/uploads\/2024\/06\/01_Danubio-serbo.jpg\" alt=\"\" width=\"598\" height=\"315\"><\/p>\n<p>Con <strong><em>Eugenio Berra<\/em><\/strong> raccontiamo il viaggio in <strong><em>Serbia<\/em><\/strong> di <em><strong><a href=\"https:\/\/www.facebook.com\/radiopopolare?__cft__%5b0%5d=AZWTIIPdTuagG-HXwjJwIkbIOVTBxsg_Rs8XY_KoIR3rpnEPD4JR8yEwIWlxhYdr1iiP6LhMgFG6orI_j_mtFyFl0hVGCbu19ng0g7ga1k3wYdSwQxOthUAe-mdRtXIHLjAfLui0F4Fze6K--UoW6OrMqd3RBgOswXrpcl_PRjblJ3eSPmOPH9DDPUdR5gH100oEiaGNVlcKQeJiqusYOzM0&amp;__tn__=-%5dK-R\">Radio Popolare<\/a><\/strong><\/em> (16-24 agosto). Nove giorni dal nord al sud della Serbia. Belgrado, la vecchia capitale della Jugoslavia, crocevia di civilt\u00e0 e imperi come quelli Austro-Ungarico e Ottomano, risorta dai conflitti degli anni \u201990 e dal tragico bombardamento NATO. La Serbia sud-occidentale, la vecchia Ra\u0161ka medioevale, culla della spiritualit\u00e0 serba. La Vojvodina, provincia autonoma della Serbia, di impronta austro-ungarica: Novi Sad, cittadina danubiana famosa per la fortezza di Petrovoradin, Sombor e la riserva naturale \u201cGornje Podunavlje\u201d, inserita tra i siti Natura 2000. Lo sconfinamento in Romania: Timi\u0219oara, capitale del Banato rumeno. Lo storico <a href=\"https:\/\/www.facebook.com\/profile.php?id=100084873201819&amp;__cft__%5b0%5d=AZWTIIPdTuagG-HXwjJwIkbIOVTBxsg_Rs8XY_KoIR3rpnEPD4JR8yEwIWlxhYdr1iiP6LhMgFG6orI_j_mtFyFl0hVGCbu19ng0g7ga1k3wYdSwQxOthUAe-mdRtXIHLjAfLui0F4Fze6K--UoW6OrMqd3RBgOswXrpcl_PRjblJ3eSPmOPH9DDPUdR5gH100oEiaGNVlcKQeJiqusYOzM0&amp;__tn__=-%5dK-R\"><strong><em>Milovan Pisarri<\/em><\/strong><\/a> illustra i recenti cambiamenti vissuti da Belgrado, mentre <strong><em>Gaia Grassi<\/em><\/strong> ci racconta dell&#8217;escursione in barca lungo i canali che uniscono Sombor al Danubio (e relativo bagno). E poi le musiche (dagli ottoni alle cs\u00e1rd\u00e1s ungheresi sino ai repertori klezmer e sefardita, testimoni della centenaria presenza ebraica a nord e sud del Danubio), i cibi e la rakija che si degusteranno durante il viaggio&#8230;<br \/>\n<strong><em>Angelo Moretti<\/em><\/strong>, ideatore del movimento pacifista <a href=\"https:\/\/projectmean.it\/\"><strong><em>MEAN Movimento Azione europeo<\/em><\/strong><\/a> (projectmean.it), un progetto specifico di promozione della pace e di assistenza umanitaria in Ucraina, ci racconta della missione a Kiev del prossimo 11 e 12 luglio. Una missione \u00e8 aperta a tutti (Per approfondimenti: <em><strong><a href=\"https:\/\/projectmean.it\/\">corpicivilidipace.it<\/a><\/strong><\/em> ).&nbsp; L&#8217;idea principale del movimento \u00e8 quella di preservare il potere trasformativo della nonviolenza attiva all\u2019interno dello scenario di conflitto.<br \/>\n<strong><em>Stefano Brambilla<\/em><\/strong> presenta MAPPE, una nuova collana del <em><strong><a href=\"https:\/\/www.touringclub.it\/\">Touring Club Italiano<\/a><\/strong><\/em>&nbsp;. Ogni volume di MAPPE \u00e8 contemporaneamente un libro e una rivista, dedicato a un tema di volta in volta diverso, che possa spiazzare e sorprendere. Il primo numero \u00e8 dedicato ai &#8220;confini&#8221;. I confini muoiono e risorgono, si spostano, si cancellano e riappaiono inaspettati. Segnano la geografia, l\u2019esperienza, il linguaggio, la politica con la sua spesso assurda cartografia, l\u2019io con la pluralit\u00e0, la societ\u00e0 con le sue divisioni, lo spazio reale e la vita digitale, le possibilit\u00e0 di vita di animali e piante, gli spostamenti&#8230;<\/p>\nngg_shortcode_0_placeholder\n","protected":false},"excerpt":{"rendered":"<p>Con Eugenio Berra raccontiamo il viaggio in Serbia di Radio Popolare (16-24 agosto). Nove giorni dal nord al sud della Serbia. Belgrado, la vecchia capitale della Jugoslavia, crocevia di civilt\u00e0 e imperi come quelli Austro-Ungarico e Ottomano, risorta dai conflitti degli anni \u201990 e dal tragico bombardamento NATO. La Serbia sud-occidentale, la vecchia Ra\u0161ka medioevale, &hellip; <a href=\"https:\/\/onderoad.radiopopolare.it\/?p=6592\" class=\"more-link\">Continua a leggere <span class=\"screen-reader-text\">In Serbia con Radio Popolare<\/span><\/a><\/p>\n","protected":false},"author":1,"featured_media":0,"comment_status":"open","ping_status":"open","sticky":false,"template":"","format":"standard","meta":{"ngg_post_thumbnail":0,"footnotes":""},"categories":[1],"tags":[],"class_list":["post-6592","post","type-post","status-publish","format-standard","hentry","category-uncategorized","without-featured-image"],"_links":{"self":[{"href":"https:\/\/onderoad.radiopopolare.it\/index.php?rest_route=\/wp\/v2\/posts\/6592","targetHints":{"allow":["GET"]}}],"collection":[{"href":"https:\/\/onderoad.radiopopolare.it\/index.php?rest_route=\/wp\/v2\/posts"}],"about":[{"href":"https:\/\/onderoad.radiopopolare.it\/index.php?rest_route=\/wp\/v2\/types\/post"}],"author":[{"embeddable":true,"href":"https:\/\/onderoad.radiopopolare.it\/index.php?rest_route=\/wp\/v2\/users\/1"}],"replies":[{"embeddable":true,"href":"https:\/\/onderoad.radiopopolare.it\/index.php?rest_route=%2Fwp%2Fv2%2Fcomments&post=6592"}],"version-history":[{"count":1,"href":"https:\/\/onderoad.radiopopolare.it\/index.php?rest_route=\/wp\/v2\/posts\/6592\/revisions"}],"predecessor-version":[{"id":6612,"href":"https:\/\/onderoad.radiopopolare.it\/index.php?rest_route=\/wp\/v2\/posts\/6592\/revisions\/6612"}],"wp:attachment":[{"href":"https:\/\/onderoad.radiopopolare.it\/index.php?rest_route=%2Fwp%2Fv2%2Fmedia&parent=6592"}],"wp:term":[{"taxonomy":"category","embeddable":true,"href":"https:\/\/onderoad.radiopopolare.it\/index.php?rest_route=%2Fwp%2Fv2%2Fcategories&post=6592"},{"taxonomy":"post_tag","embeddable":true,"href":"https:\/\/onderoad.radiopopolare.it\/index.php?rest_route=%2Fwp%2Fv2%2Ftags&post=6592"}],"curies":[{"name":"wp","href":"https:\/\/api.w.org\/{rel}","templated":true}]}}