{"id":6240,"date":"2023-12-24T14:18:02","date_gmt":"2023-12-24T13:18:02","guid":{"rendered":"https:\/\/onderoad.radiopopolare.it\/?p=6240"},"modified":"2024-02-05T09:19:20","modified_gmt":"2024-02-05T08:19:20","slug":"oriente-cubano-2","status":"publish","type":"post","link":"https:\/\/onderoad.radiopopolare.it\/?p=6240","title":{"rendered":"Oriente cubano"},"content":{"rendered":"<p><img loading=\"lazy\" decoding=\"async\" class=\"alignnone size-medium wp-image-6241\" src=\"https:\/\/onderoad.radiopopolare.it\/wp-content\/uploads\/2024\/01\/01_Boca-de-Yamuri-800x401.jpg\" alt=\"\" width=\"800\" height=\"401\" srcset=\"https:\/\/onderoad.radiopopolare.it\/wp-content\/uploads\/2024\/01\/01_Boca-de-Yamuri-800x401.jpg 800w, https:\/\/onderoad.radiopopolare.it\/wp-content\/uploads\/2024\/01\/01_Boca-de-Yamuri-768x385.jpg 768w, https:\/\/onderoad.radiopopolare.it\/wp-content\/uploads\/2024\/01\/01_Boca-de-Yamuri-759x380.jpg 759w, https:\/\/onderoad.radiopopolare.it\/wp-content\/uploads\/2024\/01\/01_Boca-de-Yamuri.jpg 2048w\" sizes=\"auto, (max-width: 800px) 100vw, 800px\" \/><\/p>\n<p>Un parzialissimo resoconto del recente viaggio nell&#8217;Oriente Cubano con gli ascoltatori di Radio Popolare.&nbsp; Prima tappa, un\u2019escursione sulla Sierra Maestra, alla <em><strong>Comandancia General de La Plata<\/strong><\/em><em>, <\/em>il luogo dove Fidel Castro decise di installare, nel 1958, il Comando dei Barbudos e le apparecchiature di <em>Radio Rebelde<\/em>. Da allora, si pianific\u00f2 tutto da l\u00ec: le missioni di guerriglia e i messaggi al popolo cubano. Una camminata guidati da <strong><em>Husmani<\/em><\/strong> durante la quale ci ha raccontato storie fantastiche. Come quella delle foglie del <em>cupey<\/em>, una delle tante piante incontrate nella selva. Foglie che <strong><em>Carlos <\/em><\/strong><strong><em>Manuel de Cespedes<\/em><\/strong>, il padre della patria cubana, utilizzava al posto dei fogli di carta per alfabetizzare i cubani. Husmani ne ha raccolta una e ci ha scritto &#8220;Viva Italia y Cuba. Amigos&#8221;.<br \/>\nA Baracoa abbiamo incontrato <strong><em>Alejandro Sebasti\u00e0n Hartmann Matos<\/em><\/strong>, l&#8217;<em>historiador<\/em> della citt\u00e0 (figura che a Cuba gestisce il piano di sviluppo di una citt\u00e0, combinando trasformazione urbana e progetti culturali). Ci ha ricordato che Baracoa significa \u201c<em>luogo dell\u2019acqu<\/em>a\u201d perch\u00e9 \u00e8 ricca di fiumi. Proprio per merito di questi fiumi e della posizione geografica privilegiata, oggi <strong><em>Baracoa<\/em><\/strong> conserva un micro-clima unico che va conservato e tutelato e che l\u2019ha resa nota per essere l\u2019area dove si produce il miglior cioccolato del mondo (anche se caff\u00e8 e frutta non sono da meno). La conferma che l&#8217;historiador non esagerava \u00e8 arrivata con l&#8217;escursione alla <strong><em>Boca de Yamuri<\/em><\/strong>, situata, come dice il nome, alla foce del R\u00edo Yumur\u00ed. Risalendo il fiume, prima in barca e poi a piedi, siamo accompagnati da Ruben Cesar Cintra, Shakira per gli amici. E&#8217; lui a raccontarci che molte delle piante e degli alberi che qui si incontrano posseggono propriet\u00e0 medicinali. Nel corso dei secoli, e grazie alle radici indigene e africane della regione, la gente del posto ha sviluppato una profonda conoscenza di questa vegetazione.&nbsp; La foreste \u00e8 un rifugio permanente per svariati animali e senza essere dei fondamentalisti del birdwatching ci si rende subito conto della grandiosit\u00e0 della fauna volatile: sono state censite pi\u00f9 di 60 specie di uccelli, tra cui il <em><strong>tocororo<\/strong> <\/em>(<em>una vera e propria icona cubana perch\u00e9 il suo piumaggio ha i colori della bandiera nazionale: bianca rossa e blu<\/em>). E&#8217; anche la patria della <em><strong>polimita<\/strong> <\/em>(<em>Polymita picta<\/em>), una specie di chiocciola che vive sugli alberi. Conosciuta come \u201clumaca dipinta\u201d, per via dei colori brillanti della sua conchiglia, \u00e8 considerata uno dei molluschi pi\u00f9 belli del mondo ed \u00e8 una specie endemica in pericolo a causa della perdita del suo habitat e della cattura dei suoi esemplari. Un&#8217;escursione, quella con Shakira, che termina con un pranzo sulla spiaggia&#8230; Partendo da Baracoa sulla nostra guagua giallorossa abbiamo caricato Ansel, un 25enne che partiva per &#8220;il viaggio&#8221;. E\u2019 il figlio di Margarita, la padrona della <strong><em>Casa Particular <\/em><\/strong>dove abbiamo soggiornato. Noi lo abbiamo portato da Baracoa a Santiago. Da l\u00ec con un volo raggiungeva il Nicaragua. Poi contrattando con i passatori doveva attraversare il Centro America cercando infine di entrare negli Stati Uniti. A Santiago si \u00e8 incamminato con uno zaino in spalla e una borsa di plastica in mano. Davanti a lui un sogno e un grosso punto di domanda, pi\u00f9 grande del suo sogno&#8230;<br \/>\nChe ne sar\u00e0 invece del sogno del socialismo cubano? Ne parliamo con <strong><em>Alfredo Somoza<\/em><\/strong>, giornalista e collaboratore di Esteri&#8230;<\/p>\nngg_shortcode_0_placeholder\n","protected":false},"excerpt":{"rendered":"<p>Un parzialissimo resoconto del recente viaggio nell&#8217;Oriente Cubano con gli ascoltatori di Radio Popolare.&nbsp; Prima tappa, un\u2019escursione sulla Sierra Maestra, alla Comandancia General de La Plata, il luogo dove Fidel Castro decise di installare, nel 1958, il Comando dei Barbudos e le apparecchiature di Radio Rebelde. Da allora, si pianific\u00f2 tutto da l\u00ec: le missioni &hellip; <a href=\"https:\/\/onderoad.radiopopolare.it\/?p=6240\" class=\"more-link\">Continua a leggere <span class=\"screen-reader-text\">Oriente cubano<\/span><\/a><\/p>\n","protected":false},"author":1,"featured_media":0,"comment_status":"open","ping_status":"open","sticky":false,"template":"","format":"standard","meta":{"ngg_post_thumbnail":0,"footnotes":""},"categories":[1],"tags":[],"class_list":["post-6240","post","type-post","status-publish","format-standard","hentry","category-uncategorized","without-featured-image"],"_links":{"self":[{"href":"https:\/\/onderoad.radiopopolare.it\/index.php?rest_route=\/wp\/v2\/posts\/6240","targetHints":{"allow":["GET"]}}],"collection":[{"href":"https:\/\/onderoad.radiopopolare.it\/index.php?rest_route=\/wp\/v2\/posts"}],"about":[{"href":"https:\/\/onderoad.radiopopolare.it\/index.php?rest_route=\/wp\/v2\/types\/post"}],"author":[{"embeddable":true,"href":"https:\/\/onderoad.radiopopolare.it\/index.php?rest_route=\/wp\/v2\/users\/1"}],"replies":[{"embeddable":true,"href":"https:\/\/onderoad.radiopopolare.it\/index.php?rest_route=%2Fwp%2Fv2%2Fcomments&post=6240"}],"version-history":[{"count":1,"href":"https:\/\/onderoad.radiopopolare.it\/index.php?rest_route=\/wp\/v2\/posts\/6240\/revisions"}],"predecessor-version":[{"id":6260,"href":"https:\/\/onderoad.radiopopolare.it\/index.php?rest_route=\/wp\/v2\/posts\/6240\/revisions\/6260"}],"wp:attachment":[{"href":"https:\/\/onderoad.radiopopolare.it\/index.php?rest_route=%2Fwp%2Fv2%2Fmedia&parent=6240"}],"wp:term":[{"taxonomy":"category","embeddable":true,"href":"https:\/\/onderoad.radiopopolare.it\/index.php?rest_route=%2Fwp%2Fv2%2Fcategories&post=6240"},{"taxonomy":"post_tag","embeddable":true,"href":"https:\/\/onderoad.radiopopolare.it\/index.php?rest_route=%2Fwp%2Fv2%2Ftags&post=6240"}],"curies":[{"name":"wp","href":"https:\/\/api.w.org\/{rel}","templated":true}]}}