{"id":5810,"date":"2023-02-05T11:52:47","date_gmt":"2023-02-05T10:52:47","guid":{"rendered":"https:\/\/onderoad.radiopopolare.it\/?p=5810"},"modified":"2023-02-06T10:04:40","modified_gmt":"2023-02-06T09:04:40","slug":"nella-neve","status":"publish","type":"post","link":"https:\/\/onderoad.radiopopolare.it\/?p=5810","title":{"rendered":"&#8230;nella neve"},"content":{"rendered":"<p><img loading=\"lazy\" decoding=\"async\" class=\"alignnone size-medium wp-image-5811\" src=\"https:\/\/onderoad.radiopopolare.it\/wp-content\/uploads\/2023\/02\/01_Val-di-sole-800x360.jpg\" alt=\"\" width=\"800\" height=\"360\" srcset=\"https:\/\/onderoad.radiopopolare.it\/wp-content\/uploads\/2023\/02\/01_Val-di-sole-800x360.jpg 800w, https:\/\/onderoad.radiopopolare.it\/wp-content\/uploads\/2023\/02\/01_Val-di-sole-768x346.jpg 768w, https:\/\/onderoad.radiopopolare.it\/wp-content\/uploads\/2023\/02\/01_Val-di-sole-844x380.jpg 844w, https:\/\/onderoad.radiopopolare.it\/wp-content\/uploads\/2023\/02\/01_Val-di-sole.jpg 1190w\" sizes=\"auto, (max-width: 800px) 100vw, 800px\" \/><\/p>\n<p>Una vacanza detox, una nuova forma di benessere nella natura maestosa del <a href=\"https:\/\/www.pnab.it\/\"><strong><em>Parco Naturale Adamello Brenta <\/em><\/strong><\/a>. Cinque elementi, 7 percorsi, dal barefoot allo yoga: \u00e8 la proposta di <strong><em>Dolomiti Natural Wellness<\/em><\/strong>. Un\u2019idea che riporta il benessere alla sua fonte originaria &#8211; la Natura &#8211; e fa di tutto il territorio, con i suoi magici ambienti naturali, una vera e propria Natural Spa. L\u2019idea fondamentale \u00e8 che siano innanzitutto gli elementi naturali &#8211; l\u2019acqua limpida e cristallina, il vento e l\u2019aria fresca e pura, le essenze del bosco, il sole e la luce &#8211; i principali agenti del nostro benessere.<\/p>\n<p><a href=\"https:\/\/www.facebook.com\/FestivalDolomitiSkiJazz\"><strong><em>Dolomiti Ski Jazz <\/em><\/strong><\/a>: sole e jazz sulla neve per nove giorni di ritmo e divertimento nelle <strong><em>Valli di Fiemme e Fassa<\/em><\/strong>, dal 3 al 12 marzo 2023. La black music pi\u00f9 popolare, il jazz, il funk faranno parte del paesaggio invernale delle Dolomiti, con numerosi concerti in alta quota nei luoghi di riferimento per gli sport invernali. Al Dolomiti Ski Jazz i concerti si ascoltano con gli sci ai piedi, direttamente sulle piste, nei teatri e nei locali delle Valli di Fiemme e Fassa.<\/p>\n<p>Puoi realizzare il tuo sogno di adottare una mucca e addirittura mangiare i formaggi prodotti in malga con il suo latte grazie al progetto&nbsp; <a href=\"https:\/\/www.adottaunamucca.org\/\"><strong><em>Adotta una mucca<\/em><\/strong><\/a>, una simpatica iniziativa della <strong><em>Valsugana <\/em><\/strong>e del <strong><em>Lagorai<\/em><\/strong> (sud-est del Trentino) nata per far conoscere la natura incontaminata di queste montagne, per insegnare come si produce il formaggio secondo metodi antichi e per capire cosa significa vivere in una malga e portare le mucche all\u2019alpeggio.<\/p>\n<p>In <strong><em>Alta Badia<\/em><\/strong>, sulle piste dello <strong><em>Skitour La Crusc<\/em><\/strong>, ai piedi del <strong><em>massiccio Santa Croce<\/em><\/strong>, per un\u2019intera settimana &#8211; dal 12 al 19 marzo &#8211; la cucina locale e i piatti della cucina ladina saranno i protagonisti dell&#8217;evento <a href=\"https:\/\/www.altabadia.org\/it\/vacanze-dolomiti\/mangiare-e-bere\/roda-dles-saus.html\"><strong><em>Roda Dles Saus<\/em><\/strong><\/a>. L\u2019evento di apertura, con musica tradizionale presso i rifugi e show-cooking sulle terrazze delle baite partecipanti, si svolger\u00e0 domenica, 12 marzo. Il motto dell&#8217;iniziativa \u00e8 &#8216;piatti preparati secondo la ricetta della nonna&#8217;. I gustosi manicaretti saranno accompagnati da una selezione dei migliori vini dell&#8217;Alto Adige.<\/p>\n<p>Presentazione del prossimo numero di <a href=\"https:\/\/thepassenger.iperborea.com\/\"><strong><em>Th<\/em><\/strong><strong><em>e Passenger<\/em><\/strong><\/a>&nbsp;dedicato ai tre cosiddetti \u00ab<strong><em>paesi baltici<\/em><\/strong>\u00bb. <em><strong>Estonia<a href=\"https:\/\/www.facebook.com\/hashtag\/estonia?__eep__=6&amp;__cft__%5b0%5d=AZUmtAhw8GVQnKC2HSpHkGLtoT0Cqhb7LnWaV8_X1GpJiEx8cgR7jP3rMmdcgJ39NOdOl9PSrU-NDUzboi9KIc6dBWCRAsYnll0wLINd0_9Suu_nE1GSSTELAnFPXnXOcSB5HXfLTx9d4PZ08HonO5Mripd4fjQuPk_XETo6ztSm9bxZ--MgAWQo7A5jxGV132I&amp;__tn__=*NK-R\"><\/a>, Lettonia<a href=\"https:\/\/www.facebook.com\/hashtag\/lettonia?__eep__=6&amp;__cft__%5b0%5d=AZUmtAhw8GVQnKC2HSpHkGLtoT0Cqhb7LnWaV8_X1GpJiEx8cgR7jP3rMmdcgJ39NOdOl9PSrU-NDUzboi9KIc6dBWCRAsYnll0wLINd0_9Suu_nE1GSSTELAnFPXnXOcSB5HXfLTx9d4PZ08HonO5Mripd4fjQuPk_XETo6ztSm9bxZ--MgAWQo7A5jxGV132I&amp;__tn__=*NK-R\"><\/a> <\/strong><\/em>e <strong><em>Lituania<\/em><\/strong> hanno da poco festeggiato tre decenni di ritrovata indipendenza, assaporandola senza mai dimenticare da chi si sono emancipati, non solo a causa delle frontiere esterne ma per un confine interno che in maniera diversa mina tutti e tre: quello tra le popolazioni autoctone e i russofoni, minoranza in larga parte emarginata e tagliata fuori dalla vita civile, e per questo imprevedibile. Con accenti diversi le tre repubbliche baltiche sono accomunate da uno sforzo per essere considerate europee, cosmopolite, occidentali, perch\u00e9 le si associ a tutto meno che alla Russia. Ognuna cerca di sottolineare la propria specificit\u00e0 attraverso politiche e pratiche culturali volte a rafforzarne l&#8217;identit\u00e0 peculiare&#8230;<\/p>\nngg_shortcode_0_placeholder\n","protected":false},"excerpt":{"rendered":"<p>Una vacanza detox, una nuova forma di benessere nella natura maestosa del Parco Naturale Adamello Brenta . Cinque elementi, 7 percorsi, dal barefoot allo yoga: \u00e8 la proposta di Dolomiti Natural Wellness. Un\u2019idea che riporta il benessere alla sua fonte originaria &#8211; la Natura &#8211; e fa di tutto il territorio, con i suoi magici &hellip; <a href=\"https:\/\/onderoad.radiopopolare.it\/?p=5810\" class=\"more-link\">Continua a leggere <span class=\"screen-reader-text\">&#8230;nella neve<\/span><\/a><\/p>\n","protected":false},"author":1,"featured_media":0,"comment_status":"open","ping_status":"open","sticky":false,"template":"","format":"standard","meta":{"ngg_post_thumbnail":0,"footnotes":""},"categories":[1],"tags":[],"class_list":["post-5810","post","type-post","status-publish","format-standard","hentry","category-uncategorized","without-featured-image"],"_links":{"self":[{"href":"https:\/\/onderoad.radiopopolare.it\/index.php?rest_route=\/wp\/v2\/posts\/5810","targetHints":{"allow":["GET"]}}],"collection":[{"href":"https:\/\/onderoad.radiopopolare.it\/index.php?rest_route=\/wp\/v2\/posts"}],"about":[{"href":"https:\/\/onderoad.radiopopolare.it\/index.php?rest_route=\/wp\/v2\/types\/post"}],"author":[{"embeddable":true,"href":"https:\/\/onderoad.radiopopolare.it\/index.php?rest_route=\/wp\/v2\/users\/1"}],"replies":[{"embeddable":true,"href":"https:\/\/onderoad.radiopopolare.it\/index.php?rest_route=%2Fwp%2Fv2%2Fcomments&post=5810"}],"version-history":[{"count":1,"href":"https:\/\/onderoad.radiopopolare.it\/index.php?rest_route=\/wp\/v2\/posts\/5810\/revisions"}],"predecessor-version":[{"id":5830,"href":"https:\/\/onderoad.radiopopolare.it\/index.php?rest_route=\/wp\/v2\/posts\/5810\/revisions\/5830"}],"wp:attachment":[{"href":"https:\/\/onderoad.radiopopolare.it\/index.php?rest_route=%2Fwp%2Fv2%2Fmedia&parent=5810"}],"wp:term":[{"taxonomy":"category","embeddable":true,"href":"https:\/\/onderoad.radiopopolare.it\/index.php?rest_route=%2Fwp%2Fv2%2Fcategories&post=5810"},{"taxonomy":"post_tag","embeddable":true,"href":"https:\/\/onderoad.radiopopolare.it\/index.php?rest_route=%2Fwp%2Fv2%2Ftags&post=5810"}],"curies":[{"name":"wp","href":"https:\/\/api.w.org\/{rel}","templated":true}]}}