{"id":5561,"date":"2022-07-17T09:37:04","date_gmt":"2022-07-17T08:37:04","guid":{"rendered":"https:\/\/onderoad.radiopopolare.it\/?p=5561"},"modified":"2022-07-29T11:02:14","modified_gmt":"2022-07-29T10:02:14","slug":"a-kiev-per-costruire-le-ragioni-della-pace","status":"publish","type":"post","link":"https:\/\/onderoad.radiopopolare.it\/?p=5561","title":{"rendered":"A Kiev per costruire le ragioni della pace"},"content":{"rendered":"<p><img loading=\"lazy\" decoding=\"async\" class=\"alignnone size-medium wp-image-5562\" src=\"https:\/\/onderoad.radiopopolare.it\/wp-content\/uploads\/2022\/07\/01_Lungo-la-strada-verso-Kiev-800x378.jpg\" alt=\"\" width=\"800\" height=\"378\" srcset=\"https:\/\/onderoad.radiopopolare.it\/wp-content\/uploads\/2022\/07\/01_Lungo-la-strada-verso-Kiev-800x378.jpg 800w, https:\/\/onderoad.radiopopolare.it\/wp-content\/uploads\/2022\/07\/01_Lungo-la-strada-verso-Kiev-768x363.jpg 768w, https:\/\/onderoad.radiopopolare.it\/wp-content\/uploads\/2022\/07\/01_Lungo-la-strada-verso-Kiev-804x380.jpg 804w, https:\/\/onderoad.radiopopolare.it\/wp-content\/uploads\/2022\/07\/01_Lungo-la-strada-verso-Kiev.jpg 1600w\" sizes=\"auto, (max-width: 800px) 100vw, 800px\" \/><\/p>\n<p>L\u2019idea di partenza ai pi\u00f9 poteva sembrare solo un sogno: andare in un Paese dove le bombe continuano a cadere per affermare che non basta la resistenza armata contro l\u2019invasore russo. E farlo in un momento in cui il letto del pacifismo \u00e8 in secca rendeva quest\u2019idea un azzardo. Il <a href=\"https:\/\/perunnuovowelfare.it\/movimento-europeo-di-azione-nonviolenta\/\"><strong><em>MEAN<\/em><\/strong><\/a>, \u201cMovimento Europeo di Azione nonviolenta\u201d, un\u2019unione di oltre 40 organizzazioni, ci ha creduto e ha lavorato per mesi al fine di condurre in porto una prima iniziativa concreta: collegare le societ\u00e0 civili ucraine e italiane, portando una \u2018delegazione\u2019 di quest\u2019ultima a <strong><em>Kiev<\/em><\/strong> per parlare di pace proponendo azioni di pacificazione.<\/p>\n<p>Una \u2018delegazione\u2019 formata da una sessantina di persone provenienti da mondi e culture diverse: dall\u2019universo religioso a quello laico. In comune, per molti loro, un lavoro quotidiano per gli ultimi nelle periferie del Bel Paese. Soggetti del mondo del volontariato e movimentisti radicali. Agricoltori sociali e consiglieri comunali. Ricercatori e docenti universitari. Un giovane frate e un prete che da una vita in Calabria combatte la \u2018ndrangheta. Insegnanti, librai e medici. Un europarlamentare del PD (Pierfrancesco Majorino) e Marianella Sclavi, sociologa e attivista di respiro internazionale.<\/p>\n<p>Il loro vangelo (o libretto rosso, a secondo dell\u2019appartenenza) sono le riflessioni di <strong><em>Alex Langer<\/em><\/strong>. Andare a Kiev era l\u2019occasione per essere accanto agli ucraini aggrediti e martirizzati da troppe settimane. \u201c<em>Le mani che si stringono sono il nostro ponte<\/em>\u201d ha scritto Erri De Luca \u201c<em>La guerra \u00e8 una terra desolata dove ogni minimo gesto di fraternit\u00e0 ha la sfacciata forza di negarla<\/em>\u201c. Una delle parole d\u2019ordine adottate dal MEAN, giocando sul significato della parola inglese \u2018arms\u2019, \u00e8 MORE ARMS FOR HUGS: pi\u00f9 braccia per gli abbracci. E per rendere questo abbraccio ancora pi\u00f9 intenso il primo atto dei pacificatori italiani, una volta arrivati a Kiev, \u00e8 stato incontrare una delegazione ucraina e, assieme a loro, collegarsi con una quindicina di piazze italiane. Da Milano a Battipaglia, da Aversa a Manfredonia, da Nocera Inferiore a Pomigliano d\u2019Arco (c\u2019era anche un collegamento da Londra). In alcune piazze un drappello di persone, in altre alcune centinaia. Tutte avevano preparato un intervento, molte anche una canzone. MC della serata, da Kiev, Tetyana: una giovane signora ucraina che da anni vive a Benevento (\u00e8 una soprano e, potenza della multiculturalit\u00e0, insegna canto beneventano).<\/p>\n<p>Nella seconda giornata, luned\u00ec 12 luglio, la carovana dei pacificatori italiani \u00e8 stata ricevuta in Municipio. Ad attenderli, nella Sala delle Colonne, la pi\u00f9 prestigiosa dell\u2019edificio, <strong><em>Visvaldas Kulbokas<\/em><\/strong>, Nunzio Apostolico in Ucraina, e l\u2019ex pugile <strong><em>Vitali Klitschko<\/em><\/strong>, oggi sindaco di Kiev.<\/p>\n<p>Ed \u00e8 anche in nome di quella resistenza che i pacifisti sono venuti a Kiev. Per non lasciare soli gli ucraini e, per quanto possibile, cercare di dare loro un aiuto anche come societ\u00e0 civile,&nbsp; nel pomeriggio ci si \u00e8 spostati in un museo dove ci si \u00e8 divisi in gruppi di lavoro promiscui, formati da ucraini ed italiani. Sono state affrontate tematiche come il processo di partecipazione per discutere i negoziati possibili come societ\u00e0 civile, giovani e recupero post traumatico, come proteggere i beni culturali, la (ri)nascita e il rilancio del turismo al termine della guerra.<\/p>\nngg_shortcode_0_placeholder\n<p>&nbsp;<\/p>\n","protected":false},"excerpt":{"rendered":"<p>L\u2019idea di partenza ai pi\u00f9 poteva sembrare solo un sogno: andare in un Paese dove le bombe continuano a cadere per affermare che non basta la resistenza armata contro l\u2019invasore russo. E farlo in un momento in cui il letto del pacifismo \u00e8 in secca rendeva quest\u2019idea un azzardo. Il MEAN, \u201cMovimento Europeo di Azione &hellip; <a href=\"https:\/\/onderoad.radiopopolare.it\/?p=5561\" class=\"more-link\">Continua a leggere <span class=\"screen-reader-text\">A Kiev per costruire le ragioni della pace<\/span><\/a><\/p>\n","protected":false},"author":1,"featured_media":0,"comment_status":"open","ping_status":"open","sticky":false,"template":"","format":"standard","meta":{"ngg_post_thumbnail":0,"footnotes":""},"categories":[1],"tags":[],"class_list":["post-5561","post","type-post","status-publish","format-standard","hentry","category-uncategorized","without-featured-image"],"_links":{"self":[{"href":"https:\/\/onderoad.radiopopolare.it\/index.php?rest_route=\/wp\/v2\/posts\/5561","targetHints":{"allow":["GET"]}}],"collection":[{"href":"https:\/\/onderoad.radiopopolare.it\/index.php?rest_route=\/wp\/v2\/posts"}],"about":[{"href":"https:\/\/onderoad.radiopopolare.it\/index.php?rest_route=\/wp\/v2\/types\/post"}],"author":[{"embeddable":true,"href":"https:\/\/onderoad.radiopopolare.it\/index.php?rest_route=\/wp\/v2\/users\/1"}],"replies":[{"embeddable":true,"href":"https:\/\/onderoad.radiopopolare.it\/index.php?rest_route=%2Fwp%2Fv2%2Fcomments&post=5561"}],"version-history":[{"count":2,"href":"https:\/\/onderoad.radiopopolare.it\/index.php?rest_route=\/wp\/v2\/posts\/5561\/revisions"}],"predecessor-version":[{"id":5583,"href":"https:\/\/onderoad.radiopopolare.it\/index.php?rest_route=\/wp\/v2\/posts\/5561\/revisions\/5583"}],"wp:attachment":[{"href":"https:\/\/onderoad.radiopopolare.it\/index.php?rest_route=%2Fwp%2Fv2%2Fmedia&parent=5561"}],"wp:term":[{"taxonomy":"category","embeddable":true,"href":"https:\/\/onderoad.radiopopolare.it\/index.php?rest_route=%2Fwp%2Fv2%2Fcategories&post=5561"},{"taxonomy":"post_tag","embeddable":true,"href":"https:\/\/onderoad.radiopopolare.it\/index.php?rest_route=%2Fwp%2Fv2%2Ftags&post=5561"}],"curies":[{"name":"wp","href":"https:\/\/api.w.org\/{rel}","templated":true}]}}