{"id":5480,"date":"2022-05-29T09:07:34","date_gmt":"2022-05-29T08:07:34","guid":{"rendered":"https:\/\/onderoad.radiopopolare.it\/?p=5480"},"modified":"2022-06-04T07:43:11","modified_gmt":"2022-06-04T06:43:11","slug":"finalese","status":"publish","type":"post","link":"https:\/\/onderoad.radiopopolare.it\/?p=5480","title":{"rendered":"Finalese"},"content":{"rendered":"<p><img loading=\"lazy\" decoding=\"async\" class=\"alignnone size-medium wp-image-5481\" src=\"https:\/\/onderoad.radiopopolare.it\/wp-content\/uploads\/2022\/05\/01_mountain-biking-finale-ligure-800x431.jpg\" alt=\"\" width=\"800\" height=\"431\" srcset=\"https:\/\/onderoad.radiopopolare.it\/wp-content\/uploads\/2022\/05\/01_mountain-biking-finale-ligure-800x431.jpg 800w, https:\/\/onderoad.radiopopolare.it\/wp-content\/uploads\/2022\/05\/01_mountain-biking-finale-ligure-768x414.jpg 768w, https:\/\/onderoad.radiopopolare.it\/wp-content\/uploads\/2022\/05\/01_mountain-biking-finale-ligure-706x380.jpg 706w, https:\/\/onderoad.radiopopolare.it\/wp-content\/uploads\/2022\/05\/01_mountain-biking-finale-ligure.jpg 2000w\" sizes=\"auto, (max-width: 800px) 100vw, 800px\" \/><\/p>\n<p>Il territorio del Finalese \u00e8 uno dei luoghi pi\u00f9 caratteristici del ponente ligure, caratterizzato dal blu del mare e dal verde di una vegetazione che si trasforma velocemente da mediterranea ad alpina. L&#8217;entroterra \u00e8 formato da una serie di altipiani calcarei, sorretti da enormi pareti verticali bianchissime e separati tra di loro da valli profonde e strette. Un ambiente selvaggio e spettacolare il cui tratto distintivo sono grandi pareti di roccia calcarea (la cosiddetta &#8220;<strong><em>Pietra di Finale<\/em><\/strong>&#8220;), oggi&nbsp; frequentate da appassionati del <strong><em>climbing <\/em><\/strong>provenienti da tutto il mondo. Da mezzo mondo, grazie alla conformazione del territorio e a una grande variet\u00e0 di sentieri, che da mille metri di quota conducono alla spiaggia, a Finale Ligure arrivano anche cultori della mountain bike. Centinaia di Km di percorsi in fuoristrada, dai pi\u00f9 facili ai pi\u00f9 impegnativi. Gli appassionati di <strong><em>Freeride <\/em><\/strong>trovano diversi servizi di Bike Shuttle per le risalite motorizzate. Chi invece ama pedalare trova decine di percorsi enduro o XC dove sperimentare la propria abilit\u00e0 in sella. Acquistando la <strong>For You Card <\/strong>i cultori di queste discipline sportive, oltre a beneficiare del territorio, contribuiscono a raccogliere risorse necessarie per programmare la <em><strong><a href=\"https:\/\/www.finaleoutdoor.com\/it\">manutenzione dei sentieri e delle falesie<\/a><\/strong><\/em>. Attivit\u00e0 outdoor che con saggezza sono state sviluppate senza danneggiare la natura che li circonda (per esempio sono state proibite alcune vie di arrampicata che disturbavano la nidificazione di alcune specie di uccelli) e gli agricoltori locali che continuano a coltivare una antica vocazione rurale (oltre ad una viticoltura eroica, nel finalese sono stati tramandati di generazione in generazione le coltivazioni di tre preziosi frutti: l&#8217;arancia pernambucco, il chinotto di Savona e la mela Carla). Il rispetto per la natura \u00e8 evidenziato anche&nbsp; da <strong><em>Mario Nebiolo<\/em><\/strong>, un artista acrobatico locale autore della <strong><em>Via Ferrata degli Artisti<\/em><\/strong>, sulla Costa dei Balzi Rossi a Magliolo (lavora su pareti di roccia sfruttandone le pieghe e i volumi, mettendo in evidenza figure umane che &#8220;escono&#8221; con le sue pennellate lievi)&#8230; Il Finalese \u00e8 anche una delle pi\u00f9 rilevanti aree archeologiche della Liguria, come testimonia il <a href=\"http:\/\/www.museoarcheofinale.it\/\"><strong><em>Museo Archeologico del Finale<\/em><\/strong><\/a>, ubicato all&#8217;interno delle mura del centro storico di <strong><em>Finalborgo<\/em><\/strong>. Tra i reperti che custodisce il pi\u00f9 intrigante \u00e8 rappresentato dai resti del &#8220;Giovane Principe&#8221;, un cacciatore vissuto 28000 anna fa, in piena et\u00e0 paleolitica. Sono stati trovati nella caverna delle Arene Candide, sita all&#8217;interno del promontorio della Caprazoppa, che separa <strong><em>Finale Ligure Marina<\/em><\/strong> da <strong><em>Borgio Verezzi<\/em><\/strong>.<\/p>\nngg_shortcode_0_placeholder\n","protected":false},"excerpt":{"rendered":"<p>Il territorio del Finalese \u00e8 uno dei luoghi pi\u00f9 caratteristici del ponente ligure, caratterizzato dal blu del mare e dal verde di una vegetazione che si trasforma velocemente da mediterranea ad alpina. L&#8217;entroterra \u00e8 formato da una serie di altipiani calcarei, sorretti da enormi pareti verticali bianchissime e separati tra di loro da valli profonde &hellip; <a href=\"https:\/\/onderoad.radiopopolare.it\/?p=5480\" class=\"more-link\">Continua a leggere <span class=\"screen-reader-text\">Finalese<\/span><\/a><\/p>\n","protected":false},"author":1,"featured_media":0,"comment_status":"open","ping_status":"open","sticky":false,"template":"","format":"standard","meta":{"ngg_post_thumbnail":0,"footnotes":""},"categories":[1],"tags":[],"class_list":["post-5480","post","type-post","status-publish","format-standard","hentry","category-uncategorized","without-featured-image"],"_links":{"self":[{"href":"https:\/\/onderoad.radiopopolare.it\/index.php?rest_route=\/wp\/v2\/posts\/5480","targetHints":{"allow":["GET"]}}],"collection":[{"href":"https:\/\/onderoad.radiopopolare.it\/index.php?rest_route=\/wp\/v2\/posts"}],"about":[{"href":"https:\/\/onderoad.radiopopolare.it\/index.php?rest_route=\/wp\/v2\/types\/post"}],"author":[{"embeddable":true,"href":"https:\/\/onderoad.radiopopolare.it\/index.php?rest_route=\/wp\/v2\/users\/1"}],"replies":[{"embeddable":true,"href":"https:\/\/onderoad.radiopopolare.it\/index.php?rest_route=%2Fwp%2Fv2%2Fcomments&post=5480"}],"version-history":[{"count":2,"href":"https:\/\/onderoad.radiopopolare.it\/index.php?rest_route=\/wp\/v2\/posts\/5480\/revisions"}],"predecessor-version":[{"id":5501,"href":"https:\/\/onderoad.radiopopolare.it\/index.php?rest_route=\/wp\/v2\/posts\/5480\/revisions\/5501"}],"wp:attachment":[{"href":"https:\/\/onderoad.radiopopolare.it\/index.php?rest_route=%2Fwp%2Fv2%2Fmedia&parent=5480"}],"wp:term":[{"taxonomy":"category","embeddable":true,"href":"https:\/\/onderoad.radiopopolare.it\/index.php?rest_route=%2Fwp%2Fv2%2Fcategories&post=5480"},{"taxonomy":"post_tag","embeddable":true,"href":"https:\/\/onderoad.radiopopolare.it\/index.php?rest_route=%2Fwp%2Fv2%2Ftags&post=5480"}],"curies":[{"name":"wp","href":"https:\/\/api.w.org\/{rel}","templated":true}]}}