{"id":5457,"date":"2022-05-15T13:13:32","date_gmt":"2022-05-15T12:13:32","guid":{"rendered":"https:\/\/onderoad.radiopopolare.it\/?p=5457"},"modified":"2022-05-30T08:43:08","modified_gmt":"2022-05-30T07:43:08","slug":"val-di-funes","status":"publish","type":"post","link":"https:\/\/onderoad.radiopopolare.it\/?p=5457","title":{"rendered":"Val di Funes"},"content":{"rendered":"<p><img loading=\"lazy\" decoding=\"async\" class=\"alignnone size-medium wp-image-5458\" src=\"https:\/\/onderoad.radiopopolare.it\/wp-content\/uploads\/2022\/05\/01_Val-di-Funes-800x445.jpg\" alt=\"\" width=\"800\" height=\"445\" srcset=\"https:\/\/onderoad.radiopopolare.it\/wp-content\/uploads\/2022\/05\/01_Val-di-Funes-800x445.jpg 800w, https:\/\/onderoad.radiopopolare.it\/wp-content\/uploads\/2022\/05\/01_Val-di-Funes-768x427.jpg 768w, https:\/\/onderoad.radiopopolare.it\/wp-content\/uploads\/2022\/05\/01_Val-di-Funes-683x380.jpg 683w\" sizes=\"auto, (max-width: 800px) 100vw, 800px\" \/><\/p>\n<p>Incuneata fra la grande arteria autostradale della Valle dell\u2019Isarco a ovest, la Val Gardena a sud e la Val Badia a est, la piccola <strong><em>Val di Funes<\/em><\/strong> \u00e8 una vera oasi di pace e tranquillit\u00e0, non a caso inserita nel circuito delle <a href=\"https:\/\/www.alpine-pearls.com\/it\/\"><strong><em>Alpine Pearls <\/em><\/strong><\/a>, l&#8217;associazione che raggruppa 20 localit\u00e0 di 6 paesi alpini e che punta a ecosostenibilit\u00e0 e qualit\u00e0 dell&#8217;offerta. In valle sono state fatte delle scelte precise, mettendo al bando i grandi numeri, che non sopporterebbe, e la schiavit\u00f9 dello sci. In una parola, riconoscimento del limite. Si \u00e8 invece coltivato uno sviluppo turistico molto discreto affiancato da una fiera tradizione contadina. &nbsp;Nel 1975 alcuni gruppi spontanei sensibilizzati anche dal padre di Reinhold Messner riuscirono a raccogliere settemila firme contro la creazione di un comprensorio sciistico da collegare con la Val Gardena, decisione subito seguita, nel 1978, dalla creazione del Parco naturale Puez-Odle, i cui confini rimangono lontani dal fondovalle, per consentire l\u2019utilizzo dei prati e dei boschi senza inutili e controproducenti restrizioni, che avrebbero rischiato di portare all\u2019abbandono della vita contadina da parte delle nuove generazioni, come accaduto in molte altre vallate alpine. Azioni che hanno generato uno spiccato indirizzo verso la <strong><em>mobilit\u00e0 dolce<\/em><\/strong> che ha ulteriormente impreziosito le grandi distese di boschi della valle e i suoi pascoli perfettamente curati, attraversati da una fitta rete di sentieri che si spingono sino al maestoso versante settentrionale delle <strong><em>Odle<\/em><\/strong>. Oggi la Val di Funes (composta dalle frazioni di San Pietro, Santa Maddalena, San Valentino, San Giacomo, Colle e Tiso) \u00e8 un vero gioiello naturale, con i piedi ben saldi nel presente e uno sguardo lungimirante al futuro. Basti pensare che la totalit\u00e0 dell\u2019energia elettrica necessaria in valle \u00e8 prodotta in loco da tre piccole centrali idroelettriche e un impianto fotovoltaico (un surplus viene venduto al gestore nazionale), mentre due impianti di teleriscaldamento a biomassa riscaldano gli edifici, e tutte le abitazioni (comprese le malghe in quota) dispongono di un cablaggio in fibra ottica. E&#8217; la pratica del <strong><em>turismo mite<\/em><\/strong>, una definizione&nbsp; appropriata per dire quando non si stravolgono un paesaggio e una cultura solo per fare cassa.<\/p>\n<p>Tra le tappe imperdibili nella valle una escursione sino ai 1.996 mt della <a href=\"https:\/\/www.geisleralm.com\/it\/\"><strong><em>malga Geisleralm <\/em><\/strong><\/a>, proprio sotto le Odle, e vicino alla baita di Messner.&nbsp; La piccola chiesa barocca di San Giovanni e la palazzina di caccia del <em><strong><a href=\"https:\/\/www.ranuihof.com\/it\">Trecento<\/a><\/strong><\/em> , dove si pu\u00f2 soggiornare. Il negozio<a href=\"https:\/\/naturwoll.com\/it\/\"><strong><em> Naturwoll<\/em><\/strong><\/a>&nbsp;: prende la lana dell&#8217;autoctona pecora occhialuta di Funes, la Villn\u00f6sser Brillenshaft, cos\u00ec chiamata per il pelo nero intorno agli occhi, come una mascherina, e la lavora nel modo pi\u00f9 naturale possibile con macchinari che hanno duecento anni. Le <strong><em>pecore con gli occhiali<\/em><\/strong> Oskar Messner, titolare del <a href=\"https:\/\/pitzock.com\/\"><strong><em>ristorante Pitzock<\/em><\/strong><\/a>&nbsp;, dopo aver contribuito a salvarle dall&#8217;estinzione, le alleva. Mentre <strong><em>Carmen Obexer<\/em><\/strong>, ai visitatori del suo giardino, insegna l&#8217;utilizzi delle erbe e dei fiori della valle. <strong><em>G\u00fcnther Pernthaler <\/em><\/strong>infine pu\u00f2 raccontare come lui e la sua famiglia riescano a vivere in totale &#8216;autosufficienza&#8217;, a stretto contatto con la natura e con ci\u00f2 che essa offre.<br \/>\n<strong><em>Info:<\/em><\/strong><br \/>\n<em><strong><a href=\"http:\/\/www.eisacktal.com\/de\/home.html\">www.eisacktal.com<\/a><\/strong><\/em><br \/>\n<em><strong><a href=\"http:\/\/www.valleisarco.info\/it\/home.html\">www.valleisarco.info<\/a><\/strong><\/em><br \/>\n<em><strong><a href=\"http:\/\/www.villnoess.com\/it\/inverno\/attualita\/Regione-vacanza-Val-di-Funes-Val-Isarco-Alto-Adige-Dolomiti.asp\">www.villnoess.com<\/a><\/strong><\/em><\/p>\nngg_shortcode_0_placeholder\n","protected":false},"excerpt":{"rendered":"<p>Incuneata fra la grande arteria autostradale della Valle dell\u2019Isarco a ovest, la Val Gardena a sud e la Val Badia a est, la piccola Val di Funes \u00e8 una vera oasi di pace e tranquillit\u00e0, non a caso inserita nel circuito delle Alpine Pearls , l&#8217;associazione che raggruppa 20 localit\u00e0 di 6 paesi alpini e &hellip; <a href=\"https:\/\/onderoad.radiopopolare.it\/?p=5457\" class=\"more-link\">Continua a leggere <span class=\"screen-reader-text\">Val di Funes<\/span><\/a><\/p>\n","protected":false},"author":1,"featured_media":0,"comment_status":"open","ping_status":"open","sticky":false,"template":"","format":"standard","meta":{"ngg_post_thumbnail":0,"footnotes":""},"categories":[1],"tags":[],"class_list":["post-5457","post","type-post","status-publish","format-standard","hentry","category-uncategorized","without-featured-image"],"_links":{"self":[{"href":"https:\/\/onderoad.radiopopolare.it\/index.php?rest_route=\/wp\/v2\/posts\/5457","targetHints":{"allow":["GET"]}}],"collection":[{"href":"https:\/\/onderoad.radiopopolare.it\/index.php?rest_route=\/wp\/v2\/posts"}],"about":[{"href":"https:\/\/onderoad.radiopopolare.it\/index.php?rest_route=\/wp\/v2\/types\/post"}],"author":[{"embeddable":true,"href":"https:\/\/onderoad.radiopopolare.it\/index.php?rest_route=\/wp\/v2\/users\/1"}],"replies":[{"embeddable":true,"href":"https:\/\/onderoad.radiopopolare.it\/index.php?rest_route=%2Fwp%2Fv2%2Fcomments&post=5457"}],"version-history":[{"count":1,"href":"https:\/\/onderoad.radiopopolare.it\/index.php?rest_route=\/wp\/v2\/posts\/5457\/revisions"}],"predecessor-version":[{"id":5477,"href":"https:\/\/onderoad.radiopopolare.it\/index.php?rest_route=\/wp\/v2\/posts\/5457\/revisions\/5477"}],"wp:attachment":[{"href":"https:\/\/onderoad.radiopopolare.it\/index.php?rest_route=%2Fwp%2Fv2%2Fmedia&parent=5457"}],"wp:term":[{"taxonomy":"category","embeddable":true,"href":"https:\/\/onderoad.radiopopolare.it\/index.php?rest_route=%2Fwp%2Fv2%2Fcategories&post=5457"},{"taxonomy":"post_tag","embeddable":true,"href":"https:\/\/onderoad.radiopopolare.it\/index.php?rest_route=%2Fwp%2Fv2%2Ftags&post=5457"}],"curies":[{"name":"wp","href":"https:\/\/api.w.org\/{rel}","templated":true}]}}