{"id":5434,"date":"2022-04-24T08:11:58","date_gmt":"2022-04-24T07:11:58","guid":{"rendered":"https:\/\/onderoad.radiopopolare.it\/?p=5434"},"modified":"2022-04-26T08:19:11","modified_gmt":"2022-04-26T07:19:11","slug":"fischia-il-vento","status":"publish","type":"post","link":"https:\/\/onderoad.radiopopolare.it\/?p=5434","title":{"rendered":"Fischia il vento"},"content":{"rendered":"<p><img loading=\"lazy\" decoding=\"async\" class=\"alignnone size-medium wp-image-5435\" src=\"https:\/\/onderoad.radiopopolare.it\/wp-content\/uploads\/2022\/04\/01_25-aprile-800x475.jpg\" alt=\"\" width=\"800\" height=\"475\" srcset=\"https:\/\/onderoad.radiopopolare.it\/wp-content\/uploads\/2022\/04\/01_25-aprile-800x475.jpg 800w, https:\/\/onderoad.radiopopolare.it\/wp-content\/uploads\/2022\/04\/01_25-aprile-768x456.jpg 768w, https:\/\/onderoad.radiopopolare.it\/wp-content\/uploads\/2022\/04\/01_25-aprile-640x380.jpg 640w, https:\/\/onderoad.radiopopolare.it\/wp-content\/uploads\/2022\/04\/01_25-aprile.jpg 1200w\" sizes=\"auto, (max-width: 800px) 100vw, 800px\" \/><\/p>\n<p>&#8220;La resistenza ebbe le armi e le canzoni. Impossibile&nbsp; pensarla senza le une o senza le altre. In quelle canzoni c&#8217;erano i vent&#8217;anni dei partigiani, la loro freschezza e la loro esuberanza. I fascisti cantavano canzoni allegre nell&#8217;apparenza e orrende nei concetti, canzoni pruriginose e morte&#8230; Il canto fu riscattato dai partigiani, la canzone si fece arma di liberazione, di denuncia, di verit\u00e0, e accompagn\u00f2 la lotta per monti e per valli, azione per azione&#8230;&#8221;. Cos\u00ec scrive <strong><em>Alessio Lega<\/em><\/strong>, autore di &#8220;La resistenza in cento canti&#8221; (ed. Mimesis). Sottoscriviamo in toto. Ed \u00e8 per questo che in vista del 25 aprile raccontiamo la storia di <strong><em>Felice Cascione<\/em><\/strong>, il partigiano che scrisse &#8220;<strong><em>Fischia il vento<\/em><\/strong>&#8220;.<\/p>\n<p>&#8220;Da intorno e sotto aumentarono le insistenze e quello allora inton\u00f2 &#8216;Fischia il vento, infuria la bufera&#8217;&#8221;. Lo scriveva <strong><em>Beppe Fenoglio<\/em><\/strong>, ne \u00abIl partigiano Johnny\u00bb. E <strong><em>Guido Somano<\/em><\/strong>, nel diario \u00abTaccuino alla macchia\u00bb, il 13 febbraio \u201944: \u00abCantano una canzone che non ho mai sentito e che \u00e8 bellissima e dice&#8230; fischia il vento urla la bufera\u00bb. Era la prima canzone partigiana, diventata poi l\u2019inno delle <strong><em>Brigate Garibaldi<\/em><\/strong>. Si racconta che venne intonata, la prima volta, a Curenna di Vendone, vicino ad Albenga, nel Natale 1943. Ma in forma ufficiale fu eseguita ad Alto, nel piazzale della chiesa, nell\u2019Epifania \u201944.<\/p>\n<p>Felice Cascione era un medico e per questo motivo il suo nome di battaglia fu &#8216;<strong><em>U megu<\/em><\/strong>&#8216;. Nacque a Porto Maurizio (Imperia) il 2 maggio 1918 e mor\u00ec in uno scontro con i fascisti sulle montagne del cuneese nel 1944. Quello che c&#8217;\u00e8 stato in mezzo ce lo racconta <strong><em>Donatella Alfonso<\/em><\/strong>, autrice del libro &#8220;Fischia il vento. Felice Cascione e il canto dei ribelli&#8221; (ed. Castelvecchi).&nbsp; Gli studi di Medicina e l&#8217;adesione al Partito comunista, lo sport e la scelta di unirsi alla Resistenza . La genesi della canzone che scrisse pochi giorni prima di essere ucciso. Fischia il vento, un simbolo della lotta partigiana, venne composta da Cascione sulla melodia del canto popolare sovietico Katjusa, suggerito dal partigiano Ivan, che era tornato dalla campagna di Russia. Dopo la morte di Felice, la canzone inizi\u00f2 a diffondersi spontaneamente, fino a diventare l&#8217;inno pi\u00f9 cantato della Resistenza. Donatella Alfonso ci ha procurato anche le voci di due partigiani che erano in montagna con Cascione: <strong><em>Miro Genovese<\/em><\/strong>, che militava anche nella stessa squadra di pallanuoto di U megu, e <strong><em>Carlo Trucco<\/em><\/strong>, il partigiano Girasole, che port\u00f2 sino a Cuba &#8220;Fischia il vento&#8221;, facendone dono a Camilo Guevara.<\/p>\nngg_shortcode_0_placeholder\n","protected":false},"excerpt":{"rendered":"<p>&#8220;La resistenza ebbe le armi e le canzoni. Impossibile&nbsp; pensarla senza le une o senza le altre. In quelle canzoni c&#8217;erano i vent&#8217;anni dei partigiani, la loro freschezza e la loro esuberanza. I fascisti cantavano canzoni allegre nell&#8217;apparenza e orrende nei concetti, canzoni pruriginose e morte&#8230; Il canto fu riscattato dai partigiani, la canzone si &hellip; <a href=\"https:\/\/onderoad.radiopopolare.it\/?p=5434\" class=\"more-link\">Continua a leggere <span class=\"screen-reader-text\">Fischia il vento<\/span><\/a><\/p>\n","protected":false},"author":1,"featured_media":0,"comment_status":"open","ping_status":"open","sticky":false,"template":"","format":"standard","meta":{"ngg_post_thumbnail":0,"footnotes":""},"categories":[1],"tags":[],"class_list":["post-5434","post","type-post","status-publish","format-standard","hentry","category-uncategorized","without-featured-image"],"_links":{"self":[{"href":"https:\/\/onderoad.radiopopolare.it\/index.php?rest_route=\/wp\/v2\/posts\/5434","targetHints":{"allow":["GET"]}}],"collection":[{"href":"https:\/\/onderoad.radiopopolare.it\/index.php?rest_route=\/wp\/v2\/posts"}],"about":[{"href":"https:\/\/onderoad.radiopopolare.it\/index.php?rest_route=\/wp\/v2\/types\/post"}],"author":[{"embeddable":true,"href":"https:\/\/onderoad.radiopopolare.it\/index.php?rest_route=\/wp\/v2\/users\/1"}],"replies":[{"embeddable":true,"href":"https:\/\/onderoad.radiopopolare.it\/index.php?rest_route=%2Fwp%2Fv2%2Fcomments&post=5434"}],"version-history":[{"count":1,"href":"https:\/\/onderoad.radiopopolare.it\/index.php?rest_route=\/wp\/v2\/posts\/5434\/revisions"}],"predecessor-version":[{"id":5454,"href":"https:\/\/onderoad.radiopopolare.it\/index.php?rest_route=\/wp\/v2\/posts\/5434\/revisions\/5454"}],"wp:attachment":[{"href":"https:\/\/onderoad.radiopopolare.it\/index.php?rest_route=%2Fwp%2Fv2%2Fmedia&parent=5434"}],"wp:term":[{"taxonomy":"category","embeddable":true,"href":"https:\/\/onderoad.radiopopolare.it\/index.php?rest_route=%2Fwp%2Fv2%2Fcategories&post=5434"},{"taxonomy":"post_tag","embeddable":true,"href":"https:\/\/onderoad.radiopopolare.it\/index.php?rest_route=%2Fwp%2Fv2%2Ftags&post=5434"}],"curies":[{"name":"wp","href":"https:\/\/api.w.org\/{rel}","templated":true}]}}