{"id":5411,"date":"2022-04-17T08:34:47","date_gmt":"2022-04-17T07:34:47","guid":{"rendered":"https:\/\/onderoad.radiopopolare.it\/?p=5411"},"modified":"2022-04-20T08:42:36","modified_gmt":"2022-04-20T07:42:36","slug":"a-mollo-nellacqua","status":"publish","type":"post","link":"https:\/\/onderoad.radiopopolare.it\/?p=5411","title":{"rendered":"&#8230;a mollo nell&#8217;acqua"},"content":{"rendered":"<p><img loading=\"lazy\" decoding=\"async\" class=\"alignnone size-medium wp-image-5412\" src=\"https:\/\/onderoad.radiopopolare.it\/wp-content\/uploads\/2022\/04\/01_A-mollo-800x370.jpg\" alt=\"\" width=\"800\" height=\"370\" srcset=\"https:\/\/onderoad.radiopopolare.it\/wp-content\/uploads\/2022\/04\/01_A-mollo-800x370.jpg 800w, https:\/\/onderoad.radiopopolare.it\/wp-content\/uploads\/2022\/04\/01_A-mollo-768x355.jpg 768w, https:\/\/onderoad.radiopopolare.it\/wp-content\/uploads\/2022\/04\/01_A-mollo-821x380.jpg 821w\" sizes=\"auto, (max-width: 800px) 100vw, 800px\" \/><\/p>\n<p>E&#8217; dopo aver letto &#8220;Acqua &#8211; Una storia fantastica&#8221; (ed. Bookabook), un romanzo di <strong><em>Marcello Duranti<\/em><\/strong>, che ho deciso di fare una puntata fatta di servizi che avessero come filo conduttore l&#8217;acqua.. &#8211; La storia di &#8220;Sodade&#8221;, una canzone resa famosa da <strong><em>Cesaria Evora<\/em><\/strong>, che parla della nostalgia per la propria terra patita dagli emigranti che hanno dovuto lasciare Capo Verde. La cover di questa canzone interpretata da <strong><em>Peppino di Capri<\/em><\/strong> (che in una intervista ci racconta come \u00e8 nata)..<\/p>\n<p>&#8211; Una bellissima canzone di <strong><em>Ivano Fossati<\/em><\/strong> dedicata alla &#8220;Guerra dell&#8217;acqua&#8221;.<\/p>\n<p>&#8211; Un omaggio ai pescatori pugliesi composto da due canzoni (&#8220;Il pescivendolo&#8221; di <strong><em>Matteo Salvatore<\/em><\/strong> e &#8220;Rime Patate e Cozze&#8221; dei <strong><em>Bari Jungle Brothers<\/em><\/strong>) e una chiacchiera sul molo di Bari con un pescatore barese.- La strana teoria di &#8220;<strong><em>Omero nel Baltico<\/em><\/strong>&#8220;: l&#8217;ambientazione dell&#8217;Iliade e dell&#8217;Odissea secondo questa teoria non si sarebbero svolti nel Mediterraneo orientale, come si \u00e8 sempre creduto, ma nei mari dell&#8217;Europa settentrionale (Mar Baltico e nord Atlantico).<\/p>\n<p>&#8211; Il centro storico di <strong><em>Bressanone<\/em><\/strong> \u00e8 un gioiello architettonico costituito da innumerevoli scorci pittoreschi, vicoli intricati ed edifici sontuosi. Il nucleo pi\u00f9 antico si trova al di l\u00e0 del fiume Isarco ed \u00e8 raggiungibile attraverso il Ponte Aquila. L\u2019Isarco \u00e8 da sempre croce e delizia della citt\u00e0. L\u2019\u201coro blu\u201d, come qui viene affettuosamente chiamata l\u2019acqua, \u00e8 infatti onnipresente e la sua abbondanza \u00e8 motivo di grande orgoglio per i brissinesi. Proprio per questo, ogni anno a maggio, Bressanone e dintorni sono teatro del <strong><em><a href=\"https:\/\/www.brixen.org\/it\/water-light-festival\">Water Light Festival<\/a><\/em><\/strong>. Per la manifestazione, artisti e artiste locali e internazionali creano installazioni luminose in diversi luoghi d\u2019acqua della citt\u00e0, offrendo squarci suggestivi sul complesso mondo di questa preziosa risorsa.<\/p>\n<p>.- <strong><em>Umberto Pelizzari<\/em><\/strong>, apneista italiano che ha realizzato 16 record mondiali, uno dei pochi sportivi al mondo che non ha mai fallito un tentativo di record alla prima occasione, ci racconta perch\u00e8 secondo lui l\u2019apnea, oltre che uno stato del corpo, \u00e8 anche uno stato dell\u2019anima. &nbsp;&#8220;Spesso&#8221; dichiara&nbsp; &#8220;mi chiedono cosa c\u2019\u00e8 da vedere laggi\u00f9. Forse l\u2019unica risposta possibile \u00e8 che non si scende in apnea per vedere, ma per guardarsi dentro. Negli abissi cerco il mio io. Sono immensamente solo con me stesso, ma \u00e8 come se mi portassi dentro tutta l\u2019essenza dell\u2019umanit\u00e0. \u00c8 il mio essere umano che supera il limite, che si cerca fondendosi col mare, che si immerge in se stesso e si ritrova&#8221;<\/p>\nngg_shortcode_0_placeholder\n","protected":false},"excerpt":{"rendered":"<p>E&#8217; dopo aver letto &#8220;Acqua &#8211; Una storia fantastica&#8221; (ed. Bookabook), un romanzo di Marcello Duranti, che ho deciso di fare una puntata fatta di servizi che avessero come filo conduttore l&#8217;acqua.. &#8211; La storia di &#8220;Sodade&#8221;, una canzone resa famosa da Cesaria Evora, che parla della nostalgia per la propria terra patita dagli emigranti &hellip; <a href=\"https:\/\/onderoad.radiopopolare.it\/?p=5411\" class=\"more-link\">Continua a leggere <span class=\"screen-reader-text\">&#8230;a mollo nell&#8217;acqua<\/span><\/a><\/p>\n","protected":false},"author":1,"featured_media":0,"comment_status":"open","ping_status":"open","sticky":false,"template":"","format":"standard","meta":{"ngg_post_thumbnail":0,"footnotes":""},"categories":[1],"tags":[],"class_list":["post-5411","post","type-post","status-publish","format-standard","hentry","category-uncategorized","without-featured-image"],"_links":{"self":[{"href":"https:\/\/onderoad.radiopopolare.it\/index.php?rest_route=\/wp\/v2\/posts\/5411","targetHints":{"allow":["GET"]}}],"collection":[{"href":"https:\/\/onderoad.radiopopolare.it\/index.php?rest_route=\/wp\/v2\/posts"}],"about":[{"href":"https:\/\/onderoad.radiopopolare.it\/index.php?rest_route=\/wp\/v2\/types\/post"}],"author":[{"embeddable":true,"href":"https:\/\/onderoad.radiopopolare.it\/index.php?rest_route=\/wp\/v2\/users\/1"}],"replies":[{"embeddable":true,"href":"https:\/\/onderoad.radiopopolare.it\/index.php?rest_route=%2Fwp%2Fv2%2Fcomments&post=5411"}],"version-history":[{"count":2,"href":"https:\/\/onderoad.radiopopolare.it\/index.php?rest_route=\/wp\/v2\/posts\/5411\/revisions"}],"predecessor-version":[{"id":5432,"href":"https:\/\/onderoad.radiopopolare.it\/index.php?rest_route=\/wp\/v2\/posts\/5411\/revisions\/5432"}],"wp:attachment":[{"href":"https:\/\/onderoad.radiopopolare.it\/index.php?rest_route=%2Fwp%2Fv2%2Fmedia&parent=5411"}],"wp:term":[{"taxonomy":"category","embeddable":true,"href":"https:\/\/onderoad.radiopopolare.it\/index.php?rest_route=%2Fwp%2Fv2%2Fcategories&post=5411"},{"taxonomy":"post_tag","embeddable":true,"href":"https:\/\/onderoad.radiopopolare.it\/index.php?rest_route=%2Fwp%2Fv2%2Ftags&post=5411"}],"curies":[{"name":"wp","href":"https:\/\/api.w.org\/{rel}","templated":true}]}}