{"id":5388,"date":"2022-04-10T09:27:09","date_gmt":"2022-04-10T08:27:09","guid":{"rendered":"https:\/\/onderoad.radiopopolare.it\/?p=5388"},"modified":"2022-04-12T09:32:16","modified_gmt":"2022-04-12T08:32:16","slug":"sarajevo-30-anni-dallassedio","status":"publish","type":"post","link":"https:\/\/onderoad.radiopopolare.it\/?p=5388","title":{"rendered":"Sarajevo, 30 anni dall&#8217;assedio"},"content":{"rendered":"<p><img loading=\"lazy\" decoding=\"async\" class=\"alignnone size-medium wp-image-5389\" src=\"https:\/\/onderoad.radiopopolare.it\/wp-content\/uploads\/2022\/04\/01_Un-parco-a-Sarajevo-800x448.jpg\" alt=\"\" width=\"800\" height=\"448\" srcset=\"https:\/\/onderoad.radiopopolare.it\/wp-content\/uploads\/2022\/04\/01_Un-parco-a-Sarajevo-800x448.jpg 800w, https:\/\/onderoad.radiopopolare.it\/wp-content\/uploads\/2022\/04\/01_Un-parco-a-Sarajevo-768x430.jpg 768w, https:\/\/onderoad.radiopopolare.it\/wp-content\/uploads\/2022\/04\/01_Un-parco-a-Sarajevo-679x380.jpg 679w, https:\/\/onderoad.radiopopolare.it\/wp-content\/uploads\/2022\/04\/01_Un-parco-a-Sarajevo.jpg 2048w\" sizes=\"auto, (max-width: 800px) 100vw, 800px\" \/><\/p>\n<p>Trenta anni fa, il 5 aprile 1992, a Sarajevo i cecchini iniziarono a sparare su una folla di dimostranti che manifestava per la pace. Cominciava l&#8217;assedio della citt\u00e0, e una nuova guerra nel cuore dell&#8217;Europa. In Italia, migliaia di persone si mobilitarono per dare il proprio sostegno alle vittime, portare aiuti, ospitare i profughi. La vittoria dei nazionalisti ha per\u00f2 lasciato una difficile eredit\u00e0, cambiando profondamente il volto della Bosnia Erzegovina e dell&#8217;Europa.<\/p>\n<p>Fa impressione parlare di questo anniversario proprio in questi giorni, quando siamo alle prese con un&#8217;altra guerra nel cuore dell&#8217;Europa. L\u2019anniversario dell\u2019assedio di Sarajevo coincide con la feroce guerra scatenata da <strong>Putin<\/strong>, risvegliando gli spettri della barbara e sanguinaria guerra scatenata da <strong>Slobodan Milosevic <\/strong>e dal famigerato generale <strong>Ratko Mladic<\/strong>: \u201cIeri non \u00e8 mai stato cos\u00ec simile ad oggi\u201d, si legge nella locandina di un evento che si \u00e8 celebrato a Milano in occasione dell&#8217;anniversario. Ma spesso e volentieri, come ha scritto Leonardo Coen sul Fatto Quotidiano,&nbsp; noi rimuoviamo ci\u00f2 che \u00e8 successo ieri e l\u2019altro ieri. Memoria scomoda, quella dei conflitti di civilt\u00e0, delle carneficine in nome dell\u2019etnia, le distruzioni vendicative delle secessioni, l\u2019onnipotenza dei <strong>sovranismi<\/strong>. Che esorcizziamo ogni volta, ripetendo come un mantra l\u2019ipocrita appello: \u201cMai pi\u00f9\u201d. E invece, \u00e8 \u201csempre pi\u00f9\u201d. Vaglielo a dire, oggi, agli abitanti di <strong>Mariupol<\/strong>, o a chi \u00e8 scampato al massacro di <strong>Bucha<\/strong>, che certe cose non dovevano pi\u00f9 succedere.<\/p>\n<p>Noi non vogliamo rimuovere nulla. Quando gli ucraini bombardavano i separatisti del Donbass era una guerra. E in quanto tale orrenda. I russi che invadono l&#8217;Ucraina \u00e8 una guerra. E in quanto tale orrenda. Perch\u00e8 le guerre come eredit\u00e0, inevitabilmente, portano le <em>Srebrenica e le Bucha. Noi non vogliamo rimuovere nulla di quello che sta succedendo oggi, e nemmeno di quello che \u00e8 successo dal 2014 nelle regioni russofone dell&#8217;Ucraina. E non vogliamo rimuovere nemmeno quello che \u00e8 successo a Sarajevo trenta anni fa. Con gli ascoltatori di Radio Popolare abbiamo organizzato pi\u00f9 di un viaggio in Bosnia, dove la tappa di Sarajevo coincideva con una serie di incontri con chi quella guerra l&#8217;ha vissuta. E&#8217; il caso di <\/em><em><strong>Kanita Fo\u010dak<\/strong><\/em><em>, architetto, interprete giudiziario per la lingua italiana e per la lingua bosniaco-croata-serba. Sarajevese di origine dalmate, con nonni veneziani, sposata in prime nozze con un serbo ortodosso, in seconde nozze con un mussulmano, madre di due figli, vittima diretta dell\u2019assedio di Sarajevo che l\u2019ha lasciata vedova. Oggi, recuperando una vecchia intervista, abbiamo pensato di farci aiutare da lei per non rimuovere quello che \u00e8 successo 30 anni fa nella sua citt\u00e0, Sarajevo. <\/em><\/p>\n<p><em><strong>Vincenzo Mantovani<\/strong><\/em><em> recensisce &#8220;Un secolo in dieci giorni&#8221;, un&nbsp; libro di Konstanty Gebert (ed. Feltrinelli) che parla dei<\/em> <em>dieci eventi che secondo l\u2019autore rappresentano tutto il Novecento europeo.<\/em><\/p>\n<p><em>Tra questi l&#8217;incendio della biblioteca di Sarajevo.<\/em><\/p>\nngg_shortcode_0_placeholder\n","protected":false},"excerpt":{"rendered":"<p>Trenta anni fa, il 5 aprile 1992, a Sarajevo i cecchini iniziarono a sparare su una folla di dimostranti che manifestava per la pace. Cominciava l&#8217;assedio della citt\u00e0, e una nuova guerra nel cuore dell&#8217;Europa. In Italia, migliaia di persone si mobilitarono per dare il proprio sostegno alle vittime, portare aiuti, ospitare i profughi. La &hellip; <a href=\"https:\/\/onderoad.radiopopolare.it\/?p=5388\" class=\"more-link\">Continua a leggere <span class=\"screen-reader-text\">Sarajevo, 30 anni dall&#8217;assedio<\/span><\/a><\/p>\n","protected":false},"author":1,"featured_media":0,"comment_status":"open","ping_status":"open","sticky":false,"template":"","format":"standard","meta":{"ngg_post_thumbnail":0,"footnotes":""},"categories":[1],"tags":[],"class_list":["post-5388","post","type-post","status-publish","format-standard","hentry","category-uncategorized","without-featured-image"],"_links":{"self":[{"href":"https:\/\/onderoad.radiopopolare.it\/index.php?rest_route=\/wp\/v2\/posts\/5388","targetHints":{"allow":["GET"]}}],"collection":[{"href":"https:\/\/onderoad.radiopopolare.it\/index.php?rest_route=\/wp\/v2\/posts"}],"about":[{"href":"https:\/\/onderoad.radiopopolare.it\/index.php?rest_route=\/wp\/v2\/types\/post"}],"author":[{"embeddable":true,"href":"https:\/\/onderoad.radiopopolare.it\/index.php?rest_route=\/wp\/v2\/users\/1"}],"replies":[{"embeddable":true,"href":"https:\/\/onderoad.radiopopolare.it\/index.php?rest_route=%2Fwp%2Fv2%2Fcomments&post=5388"}],"version-history":[{"count":1,"href":"https:\/\/onderoad.radiopopolare.it\/index.php?rest_route=\/wp\/v2\/posts\/5388\/revisions"}],"predecessor-version":[{"id":5408,"href":"https:\/\/onderoad.radiopopolare.it\/index.php?rest_route=\/wp\/v2\/posts\/5388\/revisions\/5408"}],"wp:attachment":[{"href":"https:\/\/onderoad.radiopopolare.it\/index.php?rest_route=%2Fwp%2Fv2%2Fmedia&parent=5388"}],"wp:term":[{"taxonomy":"category","embeddable":true,"href":"https:\/\/onderoad.radiopopolare.it\/index.php?rest_route=%2Fwp%2Fv2%2Fcategories&post=5388"},{"taxonomy":"post_tag","embeddable":true,"href":"https:\/\/onderoad.radiopopolare.it\/index.php?rest_route=%2Fwp%2Fv2%2Ftags&post=5388"}],"curies":[{"name":"wp","href":"https:\/\/api.w.org\/{rel}","templated":true}]}}