{"id":5296,"date":"2021-12-05T09:23:35","date_gmt":"2021-12-05T08:23:35","guid":{"rendered":"https:\/\/onderoad.radiopopolare.it\/?p=5296"},"modified":"2022-07-27T13:33:53","modified_gmt":"2022-07-27T12:33:53","slug":"alpe-cimbra","status":"publish","type":"post","link":"https:\/\/onderoad.radiopopolare.it\/?p=5296","title":{"rendered":"Alpe Cimbra"},"content":{"rendered":"<p><img loading=\"lazy\" decoding=\"async\" class=\"alignnone size-medium wp-image-5297\" src=\"https:\/\/onderoad.radiopopolare.it\/wp-content\/uploads\/2022\/03\/01_Alpe-Cimbra-800x533.jpg\" alt=\"\" width=\"800\" height=\"533\" srcset=\"https:\/\/onderoad.radiopopolare.it\/wp-content\/uploads\/2022\/03\/01_Alpe-Cimbra-800x533.jpg 800w, https:\/\/onderoad.radiopopolare.it\/wp-content\/uploads\/2022\/03\/01_Alpe-Cimbra-768x512.jpg 768w, https:\/\/onderoad.radiopopolare.it\/wp-content\/uploads\/2022\/03\/01_Alpe-Cimbra-570x380.jpg 570w, https:\/\/onderoad.radiopopolare.it\/wp-content\/uploads\/2022\/03\/01_Alpe-Cimbra.jpg 1200w\" sizes=\"auto, (max-width: 800px) 100vw, 800px\" \/><\/p>\n<p>I <strong><em>cimbri <\/em><\/strong>sono un antico popolo di origine tedesca, probabilmentedei coloni bavaresi chiamati dai feudatari imperiali per lavorare nei boschi (pare che, nella loro lingua, boscaiolo si dicesse <em>tzimbar<\/em>). In Italia arrivarono intorno al XII\u00b0 secolo e si stanziarono sulle montagne del Nord-est, sparsi tra la Lessinia veronese, l\u2019altopiano di Asiago e in Trentino su quella che oggi chiamiamo Alpe Cimbra. <strong><em>Folgaria<\/em><\/strong>, <strong><em>Lavarone<\/em><\/strong> e <strong><em>Luserna<\/em><\/strong> sono le principali localit\u00e0 dell\u2019 Alpe Cimbra, che alterna rilievi di oltre 2000 metri a pascoli, boschi e torrenti cristallini. Ci sono un paio di percorsi, percorribili anche d&#8217;inverno con le ciaspole, che restituiscono il fascino dell&#8217;Alpe.<\/p>\n<p>\u201c<strong><em>Il respiro degli alberi<\/em><\/strong>\u201d, \u00e8 un percorso di arte e natura del Comune di Lavarone (lungo 2.4 km, da ripetere al ritorno). Poco distante dagli abitati di Lanzino e Chiesa, in localit\u00e0 Tomazol, \u00e8 una mostra permanente nel bosco che racconta la vita silenziosa degli alberi. Ogni opera \u00e8 una riflessione discreta che si fonde con quanto ha intorno: un omaggio, una caratteristica funzionale o \u201cspirituale\u201d dell\u2019albero, autentico elemento di vita nell\u2019ecosistema. Una escursione che regala scorci paesaggistici sulla Vigolana, sulle <strong><em>Dolomiti di Brenta<\/em><\/strong>, sulla Val Centa e sul Lago di Caldonazzo.<\/p>\n<p>&#8220;Il sentiero dell&#8217;acqua&#8221; invece \u00e8 una passeggiata nella quale protagonista assoluta \u00e8 l\u2019acqua del <strong><em>torrente Astico<\/em><\/strong>. Bacheche illustrative, collocate in prossimit\u00e0 dei punti di interesse, raccontano della secolare attivit\u00e0 che ha visto intrecciarsi la vita del torrente con le vicende dell\u2019uomo.<br \/>\nL\u2019illustrazione del sito archeologico della <strong>C\u00f3gola <\/strong>racconta degli antichissimi cacciatori del Paleolitico che nell\u2019Astico si dissetavano e pescavano; poi la descrizione del misterioso <strong>mulino della Porta del Leon<\/strong>, munito anche di officina, di cui sono rimasti i ruderi, cos\u00ec della <strong>segheria idraulica de l\u2019Erardo <\/strong>e della la \u00ab<strong>Calch\u00e8ra<\/strong>\u00bb, la fornace un tempo utilizzata per la produzione della calce. Infine, a C\u00f9eli, il bellissimo <strong><em>Mulino Cuel<\/em><\/strong>, con annesso forno del pane. Per ritemprarsi l&#8217;ideale \u00e8 una sosta al <a href=\"https:\/\/masoguez.com\/\"><strong><em>Maso Guez<\/em><\/strong><\/a>&nbsp;dove in compagnia del pastore Serafino \u00e8 possibile consumare un&#8217;eccellente degustazione di formaggi di capra.<\/p>\n<p>Info: &nbsp;<em><strong><a href=\"https:\/\/www.visittrentino.info\/it\">visittrentino.info\/it<\/a><\/strong><\/em> &nbsp;&nbsp;&#8211;&nbsp;&nbsp; <strong><em><a href=\"https:\/\/www.alpecimbra.it\/it\/alpe-cimbra\/1-0.html\">alpecimbra.it<\/a><\/em><\/strong><\/p>\n<p><strong><em><a href=\"https:\/\/www.alpecimbra.it\/it\/homepage\/app-outdoor-trentino\/135-0.html\">App Outdoor Trentino<\/a><\/em><\/strong><\/p>\n<p><em><strong><a href=\"https:\/\/www.alpecimbra.it\/it\/homepage\/apt-alpe-cimbra-amministrazione-trasparente\/824-0.html\">AptAlpeCimbra &#8211; Amministrazione trasparente<\/a><\/strong><\/em>&nbsp;<\/p>\nngg_shortcode_0_placeholder\n","protected":false},"excerpt":{"rendered":"<p>I cimbri sono un antico popolo di origine tedesca, probabilmentedei coloni bavaresi chiamati dai feudatari imperiali per lavorare nei boschi (pare che, nella loro lingua, boscaiolo si dicesse tzimbar). In Italia arrivarono intorno al XII\u00b0 secolo e si stanziarono sulle montagne del Nord-est, sparsi tra la Lessinia veronese, l\u2019altopiano di Asiago e in Trentino su &hellip; <a href=\"https:\/\/onderoad.radiopopolare.it\/?p=5296\" class=\"more-link\">Continua a leggere <span class=\"screen-reader-text\">Alpe Cimbra<\/span><\/a><\/p>\n","protected":false},"author":1,"featured_media":0,"comment_status":"open","ping_status":"open","sticky":false,"template":"","format":"standard","meta":{"ngg_post_thumbnail":0,"footnotes":""},"categories":[1],"tags":[],"class_list":["post-5296","post","type-post","status-publish","format-standard","hentry","category-uncategorized","without-featured-image"],"_links":{"self":[{"href":"https:\/\/onderoad.radiopopolare.it\/index.php?rest_route=\/wp\/v2\/posts\/5296","targetHints":{"allow":["GET"]}}],"collection":[{"href":"https:\/\/onderoad.radiopopolare.it\/index.php?rest_route=\/wp\/v2\/posts"}],"about":[{"href":"https:\/\/onderoad.radiopopolare.it\/index.php?rest_route=\/wp\/v2\/types\/post"}],"author":[{"embeddable":true,"href":"https:\/\/onderoad.radiopopolare.it\/index.php?rest_route=\/wp\/v2\/users\/1"}],"replies":[{"embeddable":true,"href":"https:\/\/onderoad.radiopopolare.it\/index.php?rest_route=%2Fwp%2Fv2%2Fcomments&post=5296"}],"version-history":[{"count":1,"href":"https:\/\/onderoad.radiopopolare.it\/index.php?rest_route=\/wp\/v2\/posts\/5296\/revisions"}],"predecessor-version":[{"id":5316,"href":"https:\/\/onderoad.radiopopolare.it\/index.php?rest_route=\/wp\/v2\/posts\/5296\/revisions\/5316"}],"wp:attachment":[{"href":"https:\/\/onderoad.radiopopolare.it\/index.php?rest_route=%2Fwp%2Fv2%2Fmedia&parent=5296"}],"wp:term":[{"taxonomy":"category","embeddable":true,"href":"https:\/\/onderoad.radiopopolare.it\/index.php?rest_route=%2Fwp%2Fv2%2Fcategories&post=5296"},{"taxonomy":"post_tag","embeddable":true,"href":"https:\/\/onderoad.radiopopolare.it\/index.php?rest_route=%2Fwp%2Fv2%2Ftags&post=5296"}],"curies":[{"name":"wp","href":"https:\/\/api.w.org\/{rel}","templated":true}]}}