{"id":5169,"date":"2021-10-31T12:39:57","date_gmt":"2021-10-31T11:39:57","guid":{"rendered":"https:\/\/onderoad.radiopopolare.it\/?p=5169"},"modified":"2022-01-18T12:57:05","modified_gmt":"2022-01-18T11:57:05","slug":"val-varaita","status":"publish","type":"post","link":"https:\/\/onderoad.radiopopolare.it\/?p=5169","title":{"rendered":"Val Varaita"},"content":{"rendered":"<p><img loading=\"lazy\" decoding=\"async\" class=\"alignnone size-medium wp-image-5170\" src=\"https:\/\/onderoad.radiopopolare.it\/wp-content\/uploads\/2022\/01\/01_Monviso-800x330.jpg\" alt=\"\" width=\"800\" height=\"330\" srcset=\"https:\/\/onderoad.radiopopolare.it\/wp-content\/uploads\/2022\/01\/01_Monviso-800x330.jpg 800w, https:\/\/onderoad.radiopopolare.it\/wp-content\/uploads\/2022\/01\/01_Monviso-768x317.jpg 768w, https:\/\/onderoad.radiopopolare.it\/wp-content\/uploads\/2022\/01\/01_Monviso-921x380.jpg 921w, https:\/\/onderoad.radiopopolare.it\/wp-content\/uploads\/2022\/01\/01_Monviso.jpg 1736w\" sizes=\"auto, (max-width: 800px) 100vw, 800px\" \/><\/p>\n<p>Esistono poche montagne sulle Alpi che hanno una silhoutte iconica come quella del <strong><em>Monviso<\/em><\/strong>, il monte pi\u00f9 cantato da Virgilio e poi da Dante, considerato dai Romani il tetto del mondo.&nbsp; Probabilmente solo il Cervino pu\u00f2 competere con il &#8216;Re di Pietra&#8217;. La Valle Varaita \u00e8 una delle vallate del &#8216;Re di Pietra&#8217;, 70 chilometri risalendo da <strong><em>Costigliole<\/em><\/strong> fino al <strong><em>Colle dell\u2019Agnello<\/em><\/strong>, dove una strada panoramica che culmina ai 2744 m del valico la unisce alla valle francese del Queyras. Il Monviso incombe sulla valle, ma la sua vista si perde quando i tornanti della strada principale si inerpicano verso i primi contrafforti. Il suo profilo inconfondibile riappare solo in quota, per regalare panorami indimenticabili. Sono numerose le tappe che consentono di fotografare la vita di chi ha deciso di restare (o di stabilirsi) lungo questo segmento delle pendici del \u201cvesulus pinifer\u201d declamato da Dante. Roberto, Paola e le loro tre figlie nel 2004 hanno aperto un <em><strong><a href=\"https:\/\/www.laboratorioeuphytos.it\/\">laboratorio<\/a><\/strong><\/em>&nbsp;dove lavorano piante come l&#8217;achillea millefoglie, la rosa canina, il biancospino e il tiglio, che crescono sui ripidi pendii intorno alla loro casa. &#8220;Siamo figli d&#8217;arte&#8221; ci confessa Roberto &#8220;la tradizione erboristica familiare risale infatti all\u2019800&#8221;. Rossana, una delle figlie, ci spiega come lavorano: \u201cPer scelta non coltiviamo le erbe officinali in maniera intensiva, anche se dallo scorso anno abbiamo piantato qualche filare di elicriso italico, menta piperita, camomilla e lavanda angustifolia. La nostra \u00e8 una piccola realt\u00e0 che lavora per mettere sul mercato prodotti di altissima qualit\u00e0. Abbiamo una filiera veramente corta: dalla materia prima si passa, dopo la lavorazione, direttamente al consumatore\u201d.&nbsp; A <strong><em>Melle <\/em><\/strong>una crew di ragazzi \u00e8 riuscita a realizzare un <strong>sogno rivoluzionario<\/strong>: non scappare all\u2019estero, ma provare a riqualificare il territorio producendo una <em><strong><a href=\"https:\/\/antagonistimelle.com\/\">birra artigianale<\/a><\/strong><\/em>&nbsp;che invitasse a bere bene. A <strong><em>Bellino<\/em><\/strong>, in&nbsp; Borgata Celle, ci si pu\u00f2 regalare una cena alla <a href=\"https:\/\/www.enventoour.eu\/\"><strong><em>Locanda L&#8217;Envent\u00f2our<\/em><\/strong><\/a>&nbsp;. Il nome della locanda arriva da una parola occitana che significa \u201csgrana cereali\u201d. Mangiare da Ennio, Monica e Briga (quest&#8217;ultimo \u00e8 il cane di casa) \u00e8 un&#8217;avventura stimolante: trattasi di una cucina di frontiera, radicata nel territorio, ma influenzata dai venti del mediterraneo provenzale. Una cucina che coniuga la semplicit\u00e0 dei gesti di un tempo con le nuove tendenze gastronomiche (a cui bisogna aggiungere la conoscenza di botanica montana da parte dei gestori che organizzano corsi di raccolta e utilizzo delle erbe di montagna). Una tappa a <strong><em>Chianale <\/em><\/strong>consente di scoprire un villaggio dal cuore d&#8217;ardesia, con i suoi tetti di lose, le sue pietre, i suoi legni, le vecchie travi. Situato a 1800 metri d&#8217;altezza e posto al riparo dalle valanghe, \u00e8 diviso in due agglomerati dal <strong><em>torrente Varaita<\/em><\/strong>. Attraversato dallo <strong><em>Chemin Royal<\/em><\/strong> (la strada del sale) che portava in Francia, il borgo fu terreno della guerra di religione che contrappose calvinisti e cattolici. A testimonianza restano due differenti chiese cristiane&nbsp; e terribili pagine di storia che andrebbero studiate per evitare che gli uomini ripetano atti che di spirituale non hanno nulla. Addentrarsi nel <strong><em>Bosco dell&#8217;Alev\u00e8<\/em><\/strong> consente di scoprire un bosco antichissimo (le origini si fanno risalire alle grandi glaciazioni del quaternario) menzionato sia nell&#8217;Eneide di Virgilio che nella Historia Naturalis di Plinio il Vecchio. Partendo dal ponte sul rio Vallant in un&#8217;ora e mezza di cammino, e dopo circa 400 mt di dislivello, si arriva al &nbsp;<strong><em>lago Bagnour<\/em><\/strong>, sulle sponde del quale sorge l&#8217;omonimo <a href=\"http:\/\/www.rifugiobagnour.it\/\"><strong><em>Rifugio Bagnour<\/em><\/strong><\/a>&nbsp;, un &#8216;caldo&#8217; rifugio alpino da anni gestito con passione da Elisa e Livio.<\/p>\n<p><strong><em>Ente di gestione delle aree protette del Monviso. <\/em><\/strong><em>L\u2019Ente <strong>Parco<\/strong>, nato nel 2016, gestisce alcune Aree protette regionali e varie Zone Speciali di Conservazione facenti parte del sistema europeo della <strong>Rete Natura 2000<\/strong>.&nbsp; I territori protetti si estendono dalla pianura cuneese fino alla cima del Monviso e conseguentemente abbracciano una grande variet\u00e0 di ambienti in cui vivono moltissime specie animali e vegetali, alcune delle quali, in tutto il mondo, sono presenti solo qui.<\/em><\/p>\n<p><em><a href=\"https:\/\/www.parcomonviso.eu\/\"><strong>parcomonviso.eu<\/strong><\/a>&nbsp;&nbsp; <a href=\"https:\/\/www.facebook.com\/parcodelmonviso\"><strong>facebook.com\/parcodelmonviso<\/strong><\/a>&nbsp; <a href=\"https:\/\/www.instagram.com\/monvisounesco\/\"><strong>instagram.com\/monvisounesco<\/strong><\/a><\/em><\/p>\n<p><strong><em>Area della biosfera del Monviso. <\/em><\/strong><em>La Riserva della Biosfera del Monviso \u00e8 una riserva transfrontaliera tra la Francia e l&#8217;Italia, che include una parte nazionale in Italia denominata <\/em><\/p>\n<p><em>&#8220;Area della Biosfera del Monviso&#8221; e la &#8220;Riserva della Biosfera del Mont-Viso&#8221; per la parte nazionale francese. <a href=\"https:\/\/www.unesco.it\/it\/RiserveBiosfera\"><strong>unesco.it\/it\/RiserveBiosfera<\/strong><\/a>&nbsp;&nbsp; <a href=\"http:\/\/www.monviso.eu\/mab\/ita\/biosferamab.aspx\"><strong>monviso.eu\/mab\/ita\/biosferamab.aspx<\/strong><\/a><\/em><\/p>\nngg_shortcode_0_placeholder\n","protected":false},"excerpt":{"rendered":"<p>Esistono poche montagne sulle Alpi che hanno una silhoutte iconica come quella del Monviso, il monte pi\u00f9 cantato da Virgilio e poi da Dante, considerato dai Romani il tetto del mondo.&nbsp; Probabilmente solo il Cervino pu\u00f2 competere con il &#8216;Re di Pietra&#8217;. La Valle Varaita \u00e8 una delle vallate del &#8216;Re di Pietra&#8217;, 70 chilometri &hellip; <a href=\"https:\/\/onderoad.radiopopolare.it\/?p=5169\" class=\"more-link\">Continua a leggere <span class=\"screen-reader-text\">Val Varaita<\/span><\/a><\/p>\n","protected":false},"author":1,"featured_media":0,"comment_status":"open","ping_status":"open","sticky":false,"template":"","format":"standard","meta":{"ngg_post_thumbnail":0,"footnotes":""},"categories":[1],"tags":[],"class_list":["post-5169","post","type-post","status-publish","format-standard","hentry","category-uncategorized","without-featured-image"],"_links":{"self":[{"href":"https:\/\/onderoad.radiopopolare.it\/index.php?rest_route=\/wp\/v2\/posts\/5169","targetHints":{"allow":["GET"]}}],"collection":[{"href":"https:\/\/onderoad.radiopopolare.it\/index.php?rest_route=\/wp\/v2\/posts"}],"about":[{"href":"https:\/\/onderoad.radiopopolare.it\/index.php?rest_route=\/wp\/v2\/types\/post"}],"author":[{"embeddable":true,"href":"https:\/\/onderoad.radiopopolare.it\/index.php?rest_route=\/wp\/v2\/users\/1"}],"replies":[{"embeddable":true,"href":"https:\/\/onderoad.radiopopolare.it\/index.php?rest_route=%2Fwp%2Fv2%2Fcomments&post=5169"}],"version-history":[{"count":2,"href":"https:\/\/onderoad.radiopopolare.it\/index.php?rest_route=\/wp\/v2\/posts\/5169\/revisions"}],"predecessor-version":[{"id":5190,"href":"https:\/\/onderoad.radiopopolare.it\/index.php?rest_route=\/wp\/v2\/posts\/5169\/revisions\/5190"}],"wp:attachment":[{"href":"https:\/\/onderoad.radiopopolare.it\/index.php?rest_route=%2Fwp%2Fv2%2Fmedia&parent=5169"}],"wp:term":[{"taxonomy":"category","embeddable":true,"href":"https:\/\/onderoad.radiopopolare.it\/index.php?rest_route=%2Fwp%2Fv2%2Fcategories&post=5169"},{"taxonomy":"post_tag","embeddable":true,"href":"https:\/\/onderoad.radiopopolare.it\/index.php?rest_route=%2Fwp%2Fv2%2Ftags&post=5169"}],"curies":[{"name":"wp","href":"https:\/\/api.w.org\/{rel}","templated":true}]}}