{"id":5145,"date":"2022-01-16T12:26:53","date_gmt":"2022-01-16T11:26:53","guid":{"rendered":"https:\/\/onderoad.radiopopolare.it\/?p=5145"},"modified":"2022-01-18T13:13:02","modified_gmt":"2022-01-18T12:13:02","slug":"ora-e-sempre-geografia","status":"publish","type":"post","link":"https:\/\/onderoad.radiopopolare.it\/?p=5145","title":{"rendered":"Ora e sempre&#8230; geografia"},"content":{"rendered":"<p><img loading=\"lazy\" decoding=\"async\" class=\"alignnone size-medium wp-image-5146\" src=\"https:\/\/onderoad.radiopopolare.it\/wp-content\/uploads\/2022\/01\/01_Atlante-800x458.jpg\" alt=\"\" width=\"800\" height=\"458\" srcset=\"https:\/\/onderoad.radiopopolare.it\/wp-content\/uploads\/2022\/01\/01_Atlante.jpg 800w, https:\/\/onderoad.radiopopolare.it\/wp-content\/uploads\/2022\/01\/01_Atlante-768x440.jpg 768w, https:\/\/onderoad.radiopopolare.it\/wp-content\/uploads\/2022\/01\/01_Atlante-664x380.jpg 664w\" sizes=\"auto, (max-width: 800px) 100vw, 800px\" \/><\/p>\n<p>Una puntata dedicata agli insegnanti di geografia, una materia attualmente emarginata dai programmi scolastici.<br \/>\n<strong>Stefano Brambilla<\/strong> ci parla dell&#8217;<strong>Atlante Mondiale del Touring Club Italiano<\/strong> (Touring Editore): 250 pagine di cartografia geografica,<br \/>\ncon scale mirate a una chiara rappresentazione del territorio, dal locale al globale la sezione tematica racconta le principali dinamiche<br \/>\ngeopolitiche e geoeconomiche in atto e le complesse relazioni uomo-ambiente. Uno strumento indispensabile per<br \/>\nconoscere la Terra, nei suoi elementi fisici, politici, geografici e antropici. Un elemento utilissimo per leggere gli eventi che accadono e comprendere<br \/>\nla complessit\u00e0 delle dinamiche che li determinano.<br \/>\n<strong>Albano Marcarini<\/strong>, illustrandoci il suo &#8220;<strong>Atlante Inutile del Mondo<\/strong>&#8221; (Hoepli Editore), ci guida attraverso un repertorio cartografico<br \/>\ndi anomalie geo-politiche passate e presenti, collegate tra loro dal filo rosso della sua memoria e delle sue esperienze personali creando una narrazione che intende spingere i limiti della carta topografica oltre il classico modello di perfetto documento di consultazione verso una concezione pi\u00f9 personale e letteraria di spazio e luogo. Un repertorio di anomalie geopolitiche che raramente hanno avuto un posto nella storia o hanno lasciato un segno nella geografia: repubbliche scombinate, regni effimeri, imprese utopiche, assurdit\u00e0 confinarie, isole perdute o mai nate, citt\u00e0 improbabili. Io che sono cresciuto a Metanopoli, scopro con sorpresa che esiste anche Benzinopoli. Da Porkkalanniemi alle Formiche di Grosseto, dalla galleria Rosazza a Semifonte ma anche dall\u2019Isola dei Fagiani alla Caliacra, dall\u2019H\u00f4tel Belv\u00e9d\u00e8re all\u2019Isola di Gigha, dai Chevsuri al Buganda, dall\u2019Isola Inaccessibile all\u2019Isola Zero.<br \/>\nA met\u00e0 tra il mondo reale illustrato nell&#8217;atlante del Touring e quello sospeso tra realt\u00e0 e sogno dell&#8217;Atlante di Marcarini c&#8217;\u00e8 l&#8217;<strong>Underground Railroad<\/strong>, un&#8217;ucronia che spiega bene che cos&#8217;era e che cos&#8217;\u00e8 il razzismo. Trattasi di una rete informale di itinerari segreti e luoghi sicuri utilizzati nel XIX secolo dagli schiavi afroamericani negli negli Stati Uniti d&#8217;America, per fuggire negli &#8220;Stati liberi&#8221; e in Canada con l&#8217;aiuto degli abolizionisti, solidali con la loro causa. Questa originale &#8220;Ferrovia Sotterranea&#8221; \u00e8 raccontata nella serie televisiva (in Italia disponibile su Amazon Prime) The Undergound Railroad. Diretta da <strong>Barry Jenkins<\/strong>, il regista di Moonlight (3 premi Oscar), e prodotta tra gli altri da <strong>Brad Pitt<\/strong>, che era uno dei produttori anche del film, la serie \u00e8 basata sul romanzo La ferrovia sotterranea di <strong>Colson Whitehead<\/strong>, uscito nel 2016. Un libro che, se in Italia non \u00e8 famosissimo, negli Stati Uniti \u00e8 decisamente noto (era nella lista dei preferiti di Barak Obama e ha vinto diversi premi compreso il Pulitzer per la narrativa).<\/p>\nngg_shortcode_0_placeholder\n","protected":false},"excerpt":{"rendered":"<p>Una puntata dedicata agli insegnanti di geografia, una materia attualmente emarginata dai programmi scolastici. Stefano Brambilla ci parla dell&#8217;Atlante Mondiale del Touring Club Italiano (Touring Editore): 250 pagine di cartografia geografica, con scale mirate a una chiara rappresentazione del territorio, dal locale al globale la sezione tematica racconta le principali dinamiche geopolitiche e geoeconomiche in &hellip; <a href=\"https:\/\/onderoad.radiopopolare.it\/?p=5145\" class=\"more-link\">Continua a leggere <span class=\"screen-reader-text\">Ora e sempre&#8230; geografia<\/span><\/a><\/p>\n","protected":false},"author":1,"featured_media":0,"comment_status":"open","ping_status":"open","sticky":false,"template":"","format":"standard","meta":{"ngg_post_thumbnail":0,"footnotes":""},"categories":[1],"tags":[],"class_list":["post-5145","post","type-post","status-publish","format-standard","hentry","category-uncategorized","without-featured-image"],"_links":{"self":[{"href":"https:\/\/onderoad.radiopopolare.it\/index.php?rest_route=\/wp\/v2\/posts\/5145","targetHints":{"allow":["GET"]}}],"collection":[{"href":"https:\/\/onderoad.radiopopolare.it\/index.php?rest_route=\/wp\/v2\/posts"}],"about":[{"href":"https:\/\/onderoad.radiopopolare.it\/index.php?rest_route=\/wp\/v2\/types\/post"}],"author":[{"embeddable":true,"href":"https:\/\/onderoad.radiopopolare.it\/index.php?rest_route=\/wp\/v2\/users\/1"}],"replies":[{"embeddable":true,"href":"https:\/\/onderoad.radiopopolare.it\/index.php?rest_route=%2Fwp%2Fv2%2Fcomments&post=5145"}],"version-history":[{"count":4,"href":"https:\/\/onderoad.radiopopolare.it\/index.php?rest_route=\/wp\/v2\/posts\/5145\/revisions"}],"predecessor-version":[{"id":5192,"href":"https:\/\/onderoad.radiopopolare.it\/index.php?rest_route=\/wp\/v2\/posts\/5145\/revisions\/5192"}],"wp:attachment":[{"href":"https:\/\/onderoad.radiopopolare.it\/index.php?rest_route=%2Fwp%2Fv2%2Fmedia&parent=5145"}],"wp:term":[{"taxonomy":"category","embeddable":true,"href":"https:\/\/onderoad.radiopopolare.it\/index.php?rest_route=%2Fwp%2Fv2%2Fcategories&post=5145"},{"taxonomy":"post_tag","embeddable":true,"href":"https:\/\/onderoad.radiopopolare.it\/index.php?rest_route=%2Fwp%2Fv2%2Ftags&post=5145"}],"curies":[{"name":"wp","href":"https:\/\/api.w.org\/{rel}","templated":true}]}}