{"id":4824,"date":"2021-03-21T10:30:59","date_gmt":"2021-03-21T09:30:59","guid":{"rendered":"http:\/\/blogs.radiopopolare.it\/onderoad\/?p=4824"},"modified":"2021-03-25T10:40:20","modified_gmt":"2021-03-25T09:40:20","slug":"sentieri-migranti","status":"publish","type":"post","link":"https:\/\/onderoad.radiopopolare.it\/?p=4824","title":{"rendered":"Sentieri migranti"},"content":{"rendered":"<p><img loading=\"lazy\" decoding=\"async\" class=\"aligncenter size-large wp-image-4825\" src=\"http:\/\/blogs.radiopopolare.it\/onderoad\/wp-content\/uploads\/2021\/03\/01_Sentieri-migranti-800x383.png\" alt=\"\" width=\"620\" height=\"297\" srcset=\"https:\/\/onderoad.radiopopolare.it\/wp-content\/uploads\/2021\/03\/01_Sentieri-migranti.png 800w, https:\/\/onderoad.radiopopolare.it\/wp-content\/uploads\/2021\/03\/01_Sentieri-migranti-768x368.png 768w, https:\/\/onderoad.radiopopolare.it\/wp-content\/uploads\/2021\/03\/01_Sentieri-migranti-794x380.png 794w\" sizes=\"auto, (max-width: 620px) 100vw, 620px\" \/><\/p>\n<p><em>&#8220;Un immigrato \u00e8 qualcuno che non ha perso niente,<\/em><br \/>\n<em>perch\u00e9 l\u00ec dove viveva no aveva niente&#8221;<\/em>&nbsp; &nbsp; &nbsp; Jean Claude Izzo<\/p>\n<p>Vanno di moda i cammini. Quasi ogni settimana ne nasce uno. Tra gli ultimi nati il cammino di San Francesco. Questo \u00e8 l&#8217;anno dantesco e spuntano come funghi cammini sulle orme dell&#8217;Alighieri.<br \/>\nCe ne ne sono per\u00f2 altrettanti che non appartengono alla sfera del loisir. Sono quei percorsi oggi calpestati da chi per scelta, per obbligo e per necessit\u00e0, intraprende un viaggio, trasformandosi in migrante dopo essere stato esule, perseguitato o discriminato. Percorsi da fare nel tentativo di<br \/>\nsuperare quella linea immaginaria chiamata confine. Vicino a Ventimiglia, tra Grimaldi e Garavan ci sono due sentieri che si riuniscono all\u2019altezza della linea della frontiera. Da l\u00ec, lungo i secoli, sono passate, al prezzo di inaudite sofferenze, migliaia di persone nella speranza di una vita migliore. Dagli antifascisti (compreso, sembra, il futuro presidente Pertini) agli ebrei come <strong>Robert Baruch<\/strong> che nel 1939 disegn\u00f2 e sped\u00ec da Nizza, alla propria comunit\u00e0 di Merano, una mappa che rappresenta con esattezza il sentiero. Un tentativo concreto di offrire una fuga dalle leggi razziali. Oggi su quel Sentiero della Speranza ci passano centinaia di migranti. Altri cercano di farlo sui sentieri delle Hautes-Alpes: nei boschi tra Italia e Francia, in mezzo alla neve, tra piste da sci e turismo&#8230; una realt\u00e0 raccontata da &#8220;The Milky Way &#8211; Nessuno si salva da solo&#8221;, un film di <strong>Luigi d&#8217;Alife<\/strong>. Altri seguono i vecchi sentieri che portano in Ticino, mulattiere in passato battute da contrabbandieri e spalloni. E poi c&#8217;\u00e8 la rotta del Brennero e quella che passa per il Carso. Di tutti questi sentieri ne parla <strong>Alberto Abo di Monte<\/strong> nel libro &#8220;Sentieri migranti &#8211; Tracce che calpestano il confine&#8221; (Mursia), che ci racconta anche la &#8220;non&#8221; differenza tra un &#8220;cervello italiano in fuga&#8221; e un migrante economico pakistano, entrambi laureati. <strong>Alberto Visconti<\/strong> infine, ci presenta il brano con cui recentemente ha vinto il Sanrito Festival . Un brano eseguito insieme al <strong>CoroMoro<\/strong>, un coro formato da giovani richiedenti asilo politico nelle Valli di Lanzo. Ragazzi che arrivano da Mali, Senegal, Gambia, Nigeria, Costa d&#8217;Avorio, che cantano e interpretano (molto spesso in dialetto piemontese) con grande energia, creativit\u00e0 e ironia canzoni popolari, principalmente in dialetto piemontese.<\/p>\nngg_shortcode_0_placeholder\n","protected":false},"excerpt":{"rendered":"<p>&#8220;Un immigrato \u00e8 qualcuno che non ha perso niente, perch\u00e9 l\u00ec dove viveva no aveva niente&#8221;&nbsp; &nbsp; &nbsp; Jean Claude Izzo Vanno di moda i cammini. Quasi ogni settimana ne nasce uno. Tra gli ultimi nati il cammino di San Francesco. Questo \u00e8 l&#8217;anno dantesco e spuntano come funghi cammini sulle orme dell&#8217;Alighieri. Ce ne &hellip; <a href=\"https:\/\/onderoad.radiopopolare.it\/?p=4824\" class=\"more-link\">Continua a leggere <span class=\"screen-reader-text\">Sentieri migranti<\/span><\/a><\/p>\n","protected":false},"author":2,"featured_media":0,"comment_status":"open","ping_status":"open","sticky":false,"template":"","format":"standard","meta":{"ngg_post_thumbnail":0,"footnotes":""},"categories":[1],"tags":[],"class_list":["post-4824","post","type-post","status-publish","format-standard","hentry","category-uncategorized","without-featured-image"],"_links":{"self":[{"href":"https:\/\/onderoad.radiopopolare.it\/index.php?rest_route=\/wp\/v2\/posts\/4824","targetHints":{"allow":["GET"]}}],"collection":[{"href":"https:\/\/onderoad.radiopopolare.it\/index.php?rest_route=\/wp\/v2\/posts"}],"about":[{"href":"https:\/\/onderoad.radiopopolare.it\/index.php?rest_route=\/wp\/v2\/types\/post"}],"author":[{"embeddable":true,"href":"https:\/\/onderoad.radiopopolare.it\/index.php?rest_route=\/wp\/v2\/users\/2"}],"replies":[{"embeddable":true,"href":"https:\/\/onderoad.radiopopolare.it\/index.php?rest_route=%2Fwp%2Fv2%2Fcomments&post=4824"}],"version-history":[{"count":1,"href":"https:\/\/onderoad.radiopopolare.it\/index.php?rest_route=\/wp\/v2\/posts\/4824\/revisions"}],"predecessor-version":[{"id":4844,"href":"https:\/\/onderoad.radiopopolare.it\/index.php?rest_route=\/wp\/v2\/posts\/4824\/revisions\/4844"}],"wp:attachment":[{"href":"https:\/\/onderoad.radiopopolare.it\/index.php?rest_route=%2Fwp%2Fv2%2Fmedia&parent=4824"}],"wp:term":[{"taxonomy":"category","embeddable":true,"href":"https:\/\/onderoad.radiopopolare.it\/index.php?rest_route=%2Fwp%2Fv2%2Fcategories&post=4824"},{"taxonomy":"post_tag","embeddable":true,"href":"https:\/\/onderoad.radiopopolare.it\/index.php?rest_route=%2Fwp%2Fv2%2Ftags&post=4824"}],"curies":[{"name":"wp","href":"https:\/\/api.w.org\/{rel}","templated":true}]}}