{"id":4777,"date":"2021-02-14T09:08:48","date_gmt":"2021-02-14T08:08:48","guid":{"rendered":"http:\/\/blogs.radiopopolare.it\/onderoad\/?p=4777"},"modified":"2021-03-01T09:49:24","modified_gmt":"2021-03-01T08:49:24","slug":"greenway-la-rete-delle-ex-ferrovie-recuperate-al-cicloturismo","status":"publish","type":"post","link":"https:\/\/onderoad.radiopopolare.it\/?p=4777","title":{"rendered":"Greenway: la rete delle ex ferrovie recuperate al cicloturismo"},"content":{"rendered":"<p><img loading=\"lazy\" decoding=\"async\" class=\"aligncenter size-large wp-image-4778\" src=\"http:\/\/blogs.radiopopolare.it\/onderoad\/wp-content\/uploads\/2021\/02\/01_Bici-800x479.jpg\" alt=\"\" width=\"620\" height=\"371\" srcset=\"https:\/\/onderoad.radiopopolare.it\/wp-content\/uploads\/2021\/02\/01_Bici.jpg 800w, https:\/\/onderoad.radiopopolare.it\/wp-content\/uploads\/2021\/02\/01_Bici-768x460.jpg 768w, https:\/\/onderoad.radiopopolare.it\/wp-content\/uploads\/2021\/02\/01_Bici-635x380.jpg 635w\" sizes=\"auto, (max-width: 620px) 100vw, 620px\" \/><\/p>\n<p>C&#8217;era una volta la ferrovia, il mezzo di trasporto che cambi\u00f2 le vite della gente, le loro abitudini e l&#8217;intera societ\u00e0. Ma laddove c&#8217;era una volta la ferrovia e oggi non c&#8217;\u00e8 pi\u00f9 &#8211; perch\u00e9 superata dalle auto o addirittura dai treni ad alta velocit\u00e0 &#8211; sono rimasti dei cammini ferrati che sono al tempo stesso memoria storica, patrimonio culturale e, spesso, ambiente incontaminato da ripercorrere indietro nel tempo, a piedi o in bicicletta. La <em><strong><a title=\"Fiab\" href=\"https:\/\/fiabitalia.it\/\">FIAB<\/a><\/strong><\/em>&nbsp;per anni ha portato avanti una battaglia storica che finalmente sta dando i suoi frutti perch\u00e8 anche in Italia si sta estendendo la rete delle ex ferrovie recuperate al cicloturismo e alla mobilit\u00e0 dolce. Una realt\u00e0 che ci fotografa <strong>Michele Bernelli<\/strong>, direttore della <em><strong><a title=\"Rivista BC\" href=\"https:\/\/www.rivistabc.com\/\">rivista BC<\/a><\/strong><\/em>&nbsp;, che ci ricorda che se nel 2010 erano 640 i chilometri complessivi riconvertiti, dieci anni dopo c&#8217;\u00e8 un aumento di oltre il 50%: oggi l&#8217;Italia conta 1033 chilometri di ciclabili che corrono su ex sedimi ferroviari. <strong>Ornella D&#8217;Alessio<\/strong>, autrice<br \/>\ndel libro &#8220;Vie Verdi&#8221; (editore Cinquesensi, collana Omnes Viae), dove raccoglie venti itinerari che permettono ai tanti walker, anche di ultimissima generazione, e biker di scoprire nuovi interessanti percorsi, ce ne consiglia alcuni. Tra questi c&#8217;\u00e8 la <strong>ciclopista del Trammino<\/strong>, inaugurata lo scorso 8 agosto. Il tracciato \u00e8 lungo quasi dieci chilometri e si sviluppa lungo l&#8217;antico tracciato del tram su rotaie, da cui prende il nome, che ha terminato le corse negli anni &#8217;60. <strong>Antonio Dalla Vedova<\/strong>, ex presidente Fiab e oggi responsabile area cicloturistica, ci descrive la <strong>Treviso-Ostiglia<\/strong>, il tratto cicloturistico veneto pi\u00f9 importante: 52 km gi\u00e0 attivi (e la Regione Veneto ha finanziato il prolungamento di altri 35 km).<br \/>\nLa cultura del riutilizzo delle ex strade ferrate \u00e8 sbocciata in America negli anni Sessanta.<br \/>\nOggi si pu\u00f2 spostare la propria residenza nel nord ovest dell&#8217;Arkansas e ricevere in cambio 10mila dollari e una bicicletta (questo angolo dell&#8217;Arkansas \u00e8 ricco di piste ciclabili e percorsi naturalistici). Basta aderire al piano Life Works Here: <em><strong><a title=\"findingnwa.com\" href=\"https:\/\/findingnwa.com\/incentive\/\">findingnwa.com\/incentive<\/a><\/strong><\/em>. Occorre avere almeno 24 anni ed essere disposti a fare i bagagli e partire al massimo sei mesi dopo l&#8217;accettazione della propria domanda.<\/p>\nngg_shortcode_0_placeholder\n<p>Grazie a <em><em><strong><a title=\"lifeintravel.it\" href=\"https:\/\/www.lifeintravel.it\/\">lifeintravel.it<\/a><\/strong><\/em><\/em> per l&#8217;utilizzo di alcune loro fotografie. Un saluto a <strong>Nala<\/strong> che compare nella foto di apertura.<\/p>\n","protected":false},"excerpt":{"rendered":"<p>C&#8217;era una volta la ferrovia, il mezzo di trasporto che cambi\u00f2 le vite della gente, le loro abitudini e l&#8217;intera societ\u00e0. Ma laddove c&#8217;era una volta la ferrovia e oggi non c&#8217;\u00e8 pi\u00f9 &#8211; perch\u00e9 superata dalle auto o addirittura dai treni ad alta velocit\u00e0 &#8211; sono rimasti dei cammini ferrati che sono al tempo &hellip; <a href=\"https:\/\/onderoad.radiopopolare.it\/?p=4777\" class=\"more-link\">Continua a leggere <span class=\"screen-reader-text\">Greenway: la rete delle ex ferrovie recuperate al cicloturismo<\/span><\/a><\/p>\n","protected":false},"author":2,"featured_media":0,"comment_status":"open","ping_status":"open","sticky":false,"template":"","format":"standard","meta":{"ngg_post_thumbnail":0,"footnotes":""},"categories":[1],"tags":[],"class_list":["post-4777","post","type-post","status-publish","format-standard","hentry","category-uncategorized","without-featured-image"],"_links":{"self":[{"href":"https:\/\/onderoad.radiopopolare.it\/index.php?rest_route=\/wp\/v2\/posts\/4777","targetHints":{"allow":["GET"]}}],"collection":[{"href":"https:\/\/onderoad.radiopopolare.it\/index.php?rest_route=\/wp\/v2\/posts"}],"about":[{"href":"https:\/\/onderoad.radiopopolare.it\/index.php?rest_route=\/wp\/v2\/types\/post"}],"author":[{"embeddable":true,"href":"https:\/\/onderoad.radiopopolare.it\/index.php?rest_route=\/wp\/v2\/users\/2"}],"replies":[{"embeddable":true,"href":"https:\/\/onderoad.radiopopolare.it\/index.php?rest_route=%2Fwp%2Fv2%2Fcomments&post=4777"}],"version-history":[{"count":3,"href":"https:\/\/onderoad.radiopopolare.it\/index.php?rest_route=\/wp\/v2\/posts\/4777\/revisions"}],"predecessor-version":[{"id":4799,"href":"https:\/\/onderoad.radiopopolare.it\/index.php?rest_route=\/wp\/v2\/posts\/4777\/revisions\/4799"}],"wp:attachment":[{"href":"https:\/\/onderoad.radiopopolare.it\/index.php?rest_route=%2Fwp%2Fv2%2Fmedia&parent=4777"}],"wp:term":[{"taxonomy":"category","embeddable":true,"href":"https:\/\/onderoad.radiopopolare.it\/index.php?rest_route=%2Fwp%2Fv2%2Fcategories&post=4777"},{"taxonomy":"post_tag","embeddable":true,"href":"https:\/\/onderoad.radiopopolare.it\/index.php?rest_route=%2Fwp%2Fv2%2Ftags&post=4777"}],"curies":[{"name":"wp","href":"https:\/\/api.w.org\/{rel}","templated":true}]}}