{"id":4729,"date":"2021-01-24T11:50:22","date_gmt":"2021-01-24T10:50:22","guid":{"rendered":"http:\/\/blogs.radiopopolare.it\/onderoad\/?p=4729"},"modified":"2021-02-09T12:06:31","modified_gmt":"2021-02-09T11:06:31","slug":"le-rotte-dellarte-africana","status":"publish","type":"post","link":"https:\/\/onderoad.radiopopolare.it\/?p=4729","title":{"rendered":"Le rotte dell&#8217;arte africana"},"content":{"rendered":"<p><img loading=\"lazy\" decoding=\"async\" class=\"aligncenter size-large wp-image-4730\" src=\"http:\/\/blogs.radiopopolare.it\/onderoad\/wp-content\/uploads\/2021\/02\/01_Statua-di-Sankara-ai-giardini-Montanelli-Mi-800x534.jpg\" alt=\"\" width=\"620\" height=\"414\" srcset=\"https:\/\/onderoad.radiopopolare.it\/wp-content\/uploads\/2021\/02\/01_Statua-di-Sankara-ai-giardini-Montanelli-Mi-800x534.jpg 800w, https:\/\/onderoad.radiopopolare.it\/wp-content\/uploads\/2021\/02\/01_Statua-di-Sankara-ai-giardini-Montanelli-Mi-768x512.jpg 768w, https:\/\/onderoad.radiopopolare.it\/wp-content\/uploads\/2021\/02\/01_Statua-di-Sankara-ai-giardini-Montanelli-Mi-570x380.jpg 570w, https:\/\/onderoad.radiopopolare.it\/wp-content\/uploads\/2021\/02\/01_Statua-di-Sankara-ai-giardini-Montanelli-Mi.jpg 1280w\" sizes=\"auto, (max-width: 620px) 100vw, 620px\" \/><\/p>\n<p>&nbsp;<\/p>\n<p>\u201cLa sciabola che vi consegnamo oggi risplende alla luce del sole, \u00e8 la luce della conoscenza e dell\u2019amicizia che lega i nostri popoli\u201d, aveva detto, in presenza del presidente senegalese <strong>Macky Sall<\/strong>, l\u2019ex primo ministro francese \u00c9douard Philippe, il 17 novembre 2019, in visita a Dakar. Interveniva in occasione della restituzione della Francia al Senegal della sciabola di El Hadji Omar Tall, condottiero che si oppose alla dominazione francese in Africa occidentale. Philippe, accompagnato da un&#8217;importante delegazione ministeriale, aveva ricordato le circostanze di questa restituzione: &#8220;Come sapete il presidente <strong>Macron<\/strong> ha sottolineato pi\u00f9 volte il suo desiderio di valorizzare il patrimonio africano in Africa. E&#8217; quello che far\u00e0 il <a title=\"Museo delle civilt\u00e0 nere\" href=\"http:\/\/mcn.sn\/\"><strong>Museo delle Civilt\u00e0 Nere<\/strong><\/a>&nbsp;con il sostegno dei musei francesi&#8221;. Il gesto simbolico si \u00e8 concretizzato un anno dopo l&#8217;inaugurazione del nuovo museo di Dakar, che porta il marchio anche di un altro attore internazionale importante, la Cina. Da molti anni Pechino sta sviluppando infatti una &#8220;diplomazia del patrimonio culturale&#8221;, al cui centro c&#8217;\u00e8 proprio l&#8217;Africa e il dibattito sulla restituzione delle opere d&#8217;arte africane da parte degli ex colonizzatori. Progettato dal <strong>Beijing Institute of Architectural Design<\/strong>, uno studio di architettura di cui \u00e8 proprietario lo stato cinese, il Museo delle civilt\u00e0 nere di Dakar \u00e8 un dono di 30.5 milioni di euro della Repubblica popolare cinese al Senegal. Il Museo \u00e8 il punto di arrivo di un\u2019idea promossa mezzo secolo fa dal primo presidente del Senegal, il poeta e intellettuale <strong>L\u00e9opold S\u00e9dar Senghor<\/strong>. Un museo panafricano \u2013 alla stregua di quello di arte contemporanea inaugurato a Johannesburg nel settembre 2017 \u2013 chiamato a diventare un punto riferimento per far conoscere la storia culturale del continente, far emergere la sua identit\u00e0 artistica e il contributo dato al resto dell\u2019umanit\u00e0. In tutto potr\u00e0 contenere fino a 18 mila opere che spaziano dalle vestigia dei primi esseri umani apparsi in Africa milioni di anni fa \u2013 tra cui teschi, attrezzi in pietra, maschere, pitture e sculture \u2013 fino alle creazioni artistiche contemporanee. Va per\u00f2 specificato che nonostante le promesse di Macron ad oggi la Francia ha restituito solo la sciabola di El Hadji Omar Tall. Uno che l&#8217;ha presa male \u00e8 <strong>Emery Mwazulu Diyabanza<\/strong>, attivista congolese che ha deciso di ovviare a questo ritardo scendendo in campo in prima persona. Da mesi entra a volto scoperto, disarmato, nei musei d&#8217;arte africana francesi, si impossessa di opere d&#8217;arte trafugate dai colonialisti comunicando agli astanti che le riporter\u00e0 in Africa&#8230; Un&#8217;attivit\u00e0 che gli costata pi\u00f9 di una denuncia per furto.<br \/>\nLa riapertura, e il cambio di politica culturale, dell&#8217;<strong><a title=\"Museo Africano Bruxelles\" href=\"https:\/\/www.africamuseum.be\/en\">AfricaMuseum<\/a><\/strong>: il Museo reale dell\u2019Africa Centrale a Tervuren nella periferia di Bruxelles, considerato il pi\u00f9 grande museo del mondo consacrato al continente africano<br \/>\nIl punto sulla campagna Decolonize the City a Milano e la storia della statua del rivoluzionario Thomas Sankara che, intallata vicino a quella del giornalista Indro Montanelli, \u00e8 stata rimossa e sequestrata. Infine <strong>Christian Greco<\/strong>, direttore del <strong><a title=\"Museo egizio di Torino\" href=\"https:\/\/museoegizio.it\/\">Museo Egizio di Torino<\/a><\/strong>&nbsp;ci racconta la vita della struttura che dirige in questi mesi di pandemia e di chiusure forzate.<\/p>\n<p>Info sulla restituzione di tutti i tesori coloniali su <strong><a href=\"https:\/\/www.colonialismreparation.org\/it\">colonialismreparation.org\/it<\/a><\/strong><\/p>\nngg_shortcode_0_placeholder\n<p>&nbsp;<\/p>\n","protected":false},"excerpt":{"rendered":"<p>&nbsp; \u201cLa sciabola che vi consegnamo oggi risplende alla luce del sole, \u00e8 la luce della conoscenza e dell\u2019amicizia che lega i nostri popoli\u201d, aveva detto, in presenza del presidente senegalese Macky Sall, l\u2019ex primo ministro francese \u00c9douard Philippe, il 17 novembre 2019, in visita a Dakar. Interveniva in occasione della restituzione della Francia al &hellip; <a href=\"https:\/\/onderoad.radiopopolare.it\/?p=4729\" class=\"more-link\">Continua a leggere <span class=\"screen-reader-text\">Le rotte dell&#8217;arte africana<\/span><\/a><\/p>\n","protected":false},"author":2,"featured_media":0,"comment_status":"open","ping_status":"open","sticky":false,"template":"","format":"standard","meta":{"ngg_post_thumbnail":0,"footnotes":""},"categories":[1],"tags":[],"class_list":["post-4729","post","type-post","status-publish","format-standard","hentry","category-uncategorized","without-featured-image"],"_links":{"self":[{"href":"https:\/\/onderoad.radiopopolare.it\/index.php?rest_route=\/wp\/v2\/posts\/4729","targetHints":{"allow":["GET"]}}],"collection":[{"href":"https:\/\/onderoad.radiopopolare.it\/index.php?rest_route=\/wp\/v2\/posts"}],"about":[{"href":"https:\/\/onderoad.radiopopolare.it\/index.php?rest_route=\/wp\/v2\/types\/post"}],"author":[{"embeddable":true,"href":"https:\/\/onderoad.radiopopolare.it\/index.php?rest_route=\/wp\/v2\/users\/2"}],"replies":[{"embeddable":true,"href":"https:\/\/onderoad.radiopopolare.it\/index.php?rest_route=%2Fwp%2Fv2%2Fcomments&post=4729"}],"version-history":[{"count":1,"href":"https:\/\/onderoad.radiopopolare.it\/index.php?rest_route=\/wp\/v2\/posts\/4729\/revisions"}],"predecessor-version":[{"id":4749,"href":"https:\/\/onderoad.radiopopolare.it\/index.php?rest_route=\/wp\/v2\/posts\/4729\/revisions\/4749"}],"wp:attachment":[{"href":"https:\/\/onderoad.radiopopolare.it\/index.php?rest_route=%2Fwp%2Fv2%2Fmedia&parent=4729"}],"wp:term":[{"taxonomy":"category","embeddable":true,"href":"https:\/\/onderoad.radiopopolare.it\/index.php?rest_route=%2Fwp%2Fv2%2Fcategories&post=4729"},{"taxonomy":"post_tag","embeddable":true,"href":"https:\/\/onderoad.radiopopolare.it\/index.php?rest_route=%2Fwp%2Fv2%2Ftags&post=4729"}],"curies":[{"name":"wp","href":"https:\/\/api.w.org\/{rel}","templated":true}]}}