{"id":4275,"date":"2020-02-02T09:00:23","date_gmt":"2020-02-02T08:00:23","guid":{"rendered":"http:\/\/blogs.radiopopolare.it\/onderoad\/?p=4275"},"modified":"2020-04-03T09:12:18","modified_gmt":"2020-04-03T08:12:18","slug":"parco-naturale-della-lessinia","status":"publish","type":"post","link":"https:\/\/onderoad.radiopopolare.it\/?p=4275","title":{"rendered":"Parco Naturale della Lessinia"},"content":{"rendered":"<p>&nbsp;<\/p>\n<p><img loading=\"lazy\" decoding=\"async\" class=\"aligncenter size-large wp-image-4276\" src=\"http:\/\/blogs.radiopopolare.it\/onderoad\/wp-content\/uploads\/2020\/04\/01_Parco-Lessinia_marcia-26-genn-2020-800x363.png\" alt=\"\" width=\"620\" height=\"281\" srcset=\"https:\/\/onderoad.radiopopolare.it\/wp-content\/uploads\/2020\/04\/01_Parco-Lessinia_marcia-26-genn-2020-800x363.png 800w, https:\/\/onderoad.radiopopolare.it\/wp-content\/uploads\/2020\/04\/01_Parco-Lessinia_marcia-26-genn-2020-768x348.png 768w, https:\/\/onderoad.radiopopolare.it\/wp-content\/uploads\/2020\/04\/01_Parco-Lessinia_marcia-26-genn-2020-838x380.png 838w, https:\/\/onderoad.radiopopolare.it\/wp-content\/uploads\/2020\/04\/01_Parco-Lessinia_marcia-26-genn-2020.png 968w\" sizes=\"auto, (max-width: 620px) 100vw, 620px\" \/><\/p>\n<p>Comunemente con <strong>Lessinia<\/strong> s&#8217;intende la fascia montuosa a nord di <strong>Verona<\/strong> che si estende tra la Val d&#8217;Adige, la Valle di Ronchi (Vallarsa, Trentino), il gruppo delle Piccole Dolomiti-Pasubio, la Valle dell&#8217;Agno-Chiampo e l&#8217;alta pianura veronese, dove diverse dorsali collinari si staccano dall&#8217;altopiano centrale per immergersi nei depositi alluvionali di pianura formando valli cieche come la Valpolicella, la Valpantena, la Val di Squaranto, la Val d&#8217;Illasi, la Val di Mezzane, la Val d&#8217;Alpone, la Valle del Chiampo&#8230; Nel 1990, nella zona dell&#8217;altopiano centrale e delle cime di confine con il Trentino, \u00e8 stato istituito il <a href=\"http:\/\/www.parks.it\/parco.lessinia\/\"><strong>Parco Naturale Regionale della Lessinia<\/strong><\/a>. Oltre 10 mila ettari coperti da un vasto altipiano prativo dal quale scendono, a pettine, profonde vallate dette localmente &#8216;vaj&#8217;. E&#8217; un grande museo open air perch\u00e8 l&#8217;area racchiude una sorprendente variet\u00e0 di testimonianze naturalistiche, storiche e archeologiche di inestimabile valore.<br \/>\nDomenica 26 gennaio circa 10 mila persone hanno marciato sui sentieri delle montagne nei dintorni di <strong>Bosco Chiesanuova<\/strong>, a una trentina di chilometri da Verona, per protestare contro una delibera della <strong>regione Veneto<\/strong> che vuole tagliare una fetta del Parco Naturale dei Monti Lessini (una riduzione di circa un quinto dell&#8217;estensione del Parco). Una fiumana umana, che non si esauriva mai, composta da donne e uomini giunti dalle Venezie ma anche da Lombardia ed Emilia. La questione riguarda la provincia scaligera, ma anche quella berica vista la presenza nel parco dei comuni di Altissimo e Crespadoro. I sostenitori della riduzione del parco (il centrodestra regionale, le categorie economiche e le associazioni degli agricoltori) ritengono che questa pur non alterando gli equilibri naturali e paesaggistici garantir\u00e0 un pi\u00f9 robusto sviluppo ecologico. Se invece le tutele e i vincoli, anche edilizi, permanessero, ne soffrirebbero sviluppo economico e libera impresa. Netta invece \u00e8 l&#8217;opposizione del mondo del turismo, dell&#8217;alpinismo, della galassia ambientalista ma anche di molti malgari che vedono il ridimensionamento del parco come un qualcosa che potrebbe assestargli un colpo fatale soprattutto perch\u00e9 l&#8217;area \u00e8 gi\u00e0 \u00abben antropizzata di suo\u00bb. Secondo i detrattori infine, oltre che un favore ai cementificatori, la riduzione del Parco sarebbe un regalo ai cacciatori che in quei 1.700 ettari potrebbero andare tranquillamente a caccia (va ricordato che in Veneto i cacciatori&nbsp;<span style=\"text-decoration: underline;\"><span style=\"color: #000000; text-decoration: underline;\">sono una vera e propria lobby<\/span><\/span>, finanziata con fondi regionali e &#8211; per quanto riguarda alcune associazioni &#8211; schierata apertamente a sostegno dei partiti che fanno parte della maggioranza).<\/p>\n<p>Organizzazione di tutela ambientale Lessinia Futura<\/p>\n<p><a href=\"https:\/\/www.facebook.com\/lessiniafutura\/\">https:\/\/www.facebook.com\/lessiniafutura\/<\/a><\/p>\nngg_shortcode_0_placeholder\n<p>&nbsp;<\/p>\n","protected":false},"excerpt":{"rendered":"<p>&nbsp; Comunemente con Lessinia s&#8217;intende la fascia montuosa a nord di Verona che si estende tra la Val d&#8217;Adige, la Valle di Ronchi (Vallarsa, Trentino), il gruppo delle Piccole Dolomiti-Pasubio, la Valle dell&#8217;Agno-Chiampo e l&#8217;alta pianura veronese, dove diverse dorsali collinari si staccano dall&#8217;altopiano centrale per immergersi nei depositi alluvionali di pianura formando valli cieche &hellip; <a href=\"https:\/\/onderoad.radiopopolare.it\/?p=4275\" class=\"more-link\">Continua a leggere <span class=\"screen-reader-text\">Parco Naturale della Lessinia<\/span><\/a><\/p>\n","protected":false},"author":2,"featured_media":0,"comment_status":"open","ping_status":"open","sticky":false,"template":"","format":"standard","meta":{"ngg_post_thumbnail":0,"footnotes":""},"categories":[1],"tags":[],"class_list":["post-4275","post","type-post","status-publish","format-standard","hentry","category-uncategorized","without-featured-image"],"_links":{"self":[{"href":"https:\/\/onderoad.radiopopolare.it\/index.php?rest_route=\/wp\/v2\/posts\/4275","targetHints":{"allow":["GET"]}}],"collection":[{"href":"https:\/\/onderoad.radiopopolare.it\/index.php?rest_route=\/wp\/v2\/posts"}],"about":[{"href":"https:\/\/onderoad.radiopopolare.it\/index.php?rest_route=\/wp\/v2\/types\/post"}],"author":[{"embeddable":true,"href":"https:\/\/onderoad.radiopopolare.it\/index.php?rest_route=\/wp\/v2\/users\/2"}],"replies":[{"embeddable":true,"href":"https:\/\/onderoad.radiopopolare.it\/index.php?rest_route=%2Fwp%2Fv2%2Fcomments&post=4275"}],"version-history":[{"count":2,"href":"https:\/\/onderoad.radiopopolare.it\/index.php?rest_route=\/wp\/v2\/posts\/4275\/revisions"}],"predecessor-version":[{"id":4296,"href":"https:\/\/onderoad.radiopopolare.it\/index.php?rest_route=\/wp\/v2\/posts\/4275\/revisions\/4296"}],"wp:attachment":[{"href":"https:\/\/onderoad.radiopopolare.it\/index.php?rest_route=%2Fwp%2Fv2%2Fmedia&parent=4275"}],"wp:term":[{"taxonomy":"category","embeddable":true,"href":"https:\/\/onderoad.radiopopolare.it\/index.php?rest_route=%2Fwp%2Fv2%2Fcategories&post=4275"},{"taxonomy":"post_tag","embeddable":true,"href":"https:\/\/onderoad.radiopopolare.it\/index.php?rest_route=%2Fwp%2Fv2%2Ftags&post=4275"}],"curies":[{"name":"wp","href":"https:\/\/api.w.org\/{rel}","templated":true}]}}