{"id":4132,"date":"2019-11-24T10:30:18","date_gmt":"2019-11-24T09:30:18","guid":{"rendered":"http:\/\/blogs.radiopopolare.it\/onderoad\/?p=4132"},"modified":"2025-03-19T09:16:55","modified_gmt":"2025-03-19T08:16:55","slug":"il-mani-di-patrick-leigh-fermor","status":"publish","type":"post","link":"https:\/\/onderoad.radiopopolare.it\/?p=4132","title":{"rendered":"Il &#8220;Mani&#8221; di Patrick Leigh Fermor"},"content":{"rendered":"<p><img loading=\"lazy\" decoding=\"async\" class=\"aligncenter size-large wp-image-4133\" src=\"http:\/\/blogs.radiopopolare.it\/onderoad\/wp-content\/uploads\/2019\/12\/01_Sir-Patrick-Leigh-Fermor-800x397.jpg\" alt=\"\" width=\"620\" height=\"308\" srcset=\"https:\/\/onderoad.radiopopolare.it\/wp-content\/uploads\/2019\/12\/01_Sir-Patrick-Leigh-Fermor.jpg 800w, https:\/\/onderoad.radiopopolare.it\/wp-content\/uploads\/2019\/12\/01_Sir-Patrick-Leigh-Fermor-768x381.jpg 768w, https:\/\/onderoad.radiopopolare.it\/wp-content\/uploads\/2019\/12\/01_Sir-Patrick-Leigh-Fermor-766x380.jpg 766w\" sizes=\"auto, (max-width: 620px) 100vw, 620px\" \/><\/p>\n<p>\u201cDelle tre \u201cdita\u201d del <strong><em>Peloponneso<\/em><\/strong>, la penisola del Mani \u00e8 il medio. La zona pi\u00f9 ostile e selvaggia della penisola \u00e8 l\u2019esatta antitesi della Grecia classica. Paesaggi da Highlands scozzesi, abitanti che si proclamano fieri discendenti degli spartani e uno skyline di <strong><em>case-torri <\/em><\/strong>che svettano nel cielo come sentinelle di pietra. Pochi turisti, rocce e arbusti al posto della solita macchia mediterranea, scogliere a picco sul mare, spiagge di ciottoli, solo fichi ed ulivi eroici. Da <strong><em>Gythion <\/em><\/strong>fino a <strong><em>Capo Tenaro<\/em><\/strong>, il mitologico ingresso dell\u2019oltretomba posto nel punto pi\u00f9 a sud dell\u2019Europa continentale, una strada a zig-zag ricama l\u2019arida catena montuosa del <strong><em>Taigeto<\/em><\/strong>. Un territorio per veri collezionisti di finis terrae\u201d. Cos\u00ec scrive la giornalista Marta Ghelma (martaghelma.com) in un reportage prezioso per questa trasmissione. Tra gli evocati \u201ccollezionisti di finis terrae\u201d va annoverato sicuramente&nbsp; Sir <strong><em>Patrick Leigh Fermor<\/em><\/strong>, scrittore e viaggiatore britannico. Trentatreenne, nell\u2019 estate del 1948, in compagnia della moglie Joan, intraprese il primo di una serie di viaggi nella regione del Mani. Ne scaturir\u00e0 uno dei migliori libri di viaggio del Novecento, celebrato da decenni nel mondo anglosassone, che in Italia \u00e8 stato pubblicato da Adelphi (\u201c<strong><em>Mani \u2013 Viaggi nel Peloponneso<\/em><\/strong>\u201c, pagg. 390, 24 euro). Un libro che da queste parti \u00e8 pi\u00f9 gettonato della guida Lonely Planet. Fermor conosceva bene la Grecia, anche prima di questa serie di viaggi. Negli anni dell\u2019occupazione nazista aveva addirittura compiuto gesta cos\u00ec audaci e rocambolesche da ispirare nel dopoguerra due o tre film. Fu infatti tra gli organizzatori della resistenza cretese, partecipando a una lunga serie di sabotaggi, culminati nel rapimento del comandante tedesco sull\u2019isola, generale Heinrich Kreipe, nell\u2019 aprile \u201944. <strong><em>Alessandro Vergari<\/em><\/strong>, guida ambientale ed escursionista, che l\u2019ha conosciuto nella villa vicino a <strong><em>Kardamyli <\/em><\/strong>dove Fermor visse a lungo, ci racconta l\u2019emozione di questo incontro. Una villa dove spesso fu ospite lo scrittore <strong><em>Bruce Chatwin<\/em><\/strong>, grande amico di Fermor. Quando l\u2019autore di \u201cIn Patagonia\u201d e de \u201cIl vicer\u00e8 di Ouidah\u201d mor\u00ec, fu proprio Fermor a seppellirne le ceneri ai piedi di un ulivo in un anonimo angolo delle pendici del Taigeto. <strong><em>Marino Periotto<\/em><\/strong>, viaggiatore e titolare del blog <em><strong><a href=\"http:\/\/alternativanomade.it\/\">alternativanomade.it<\/a><\/strong><\/em>, ci aiuta a capire come fare a rintracciare il luogo della sepoltura\u2026<\/p>\n<p>&nbsp;<\/p>\nngg_shortcode_0_placeholder\n","protected":false},"excerpt":{"rendered":"<p>\u201cDelle tre \u201cdita\u201d del Peloponneso, la penisola del Mani \u00e8 il medio. La zona pi\u00f9 ostile e selvaggia della penisola \u00e8 l\u2019esatta antitesi della Grecia classica. Paesaggi da Highlands scozzesi, abitanti che si proclamano fieri discendenti degli spartani e uno skyline di case-torri che svettano nel cielo come sentinelle di pietra. Pochi turisti, rocce e &hellip; <a href=\"https:\/\/onderoad.radiopopolare.it\/?p=4132\" class=\"more-link\">Continua a leggere <span class=\"screen-reader-text\">Il &#8220;Mani&#8221; di Patrick Leigh Fermor<\/span><\/a><\/p>\n","protected":false},"author":2,"featured_media":0,"comment_status":"open","ping_status":"open","sticky":false,"template":"","format":"standard","meta":{"ngg_post_thumbnail":0,"footnotes":""},"categories":[1],"tags":[],"class_list":["post-4132","post","type-post","status-publish","format-standard","hentry","category-uncategorized","without-featured-image"],"_links":{"self":[{"href":"https:\/\/onderoad.radiopopolare.it\/index.php?rest_route=\/wp\/v2\/posts\/4132","targetHints":{"allow":["GET"]}}],"collection":[{"href":"https:\/\/onderoad.radiopopolare.it\/index.php?rest_route=\/wp\/v2\/posts"}],"about":[{"href":"https:\/\/onderoad.radiopopolare.it\/index.php?rest_route=\/wp\/v2\/types\/post"}],"author":[{"embeddable":true,"href":"https:\/\/onderoad.radiopopolare.it\/index.php?rest_route=\/wp\/v2\/users\/2"}],"replies":[{"embeddable":true,"href":"https:\/\/onderoad.radiopopolare.it\/index.php?rest_route=%2Fwp%2Fv2%2Fcomments&post=4132"}],"version-history":[{"count":4,"href":"https:\/\/onderoad.radiopopolare.it\/index.php?rest_route=\/wp\/v2\/posts\/4132\/revisions"}],"predecessor-version":[{"id":7173,"href":"https:\/\/onderoad.radiopopolare.it\/index.php?rest_route=\/wp\/v2\/posts\/4132\/revisions\/7173"}],"wp:attachment":[{"href":"https:\/\/onderoad.radiopopolare.it\/index.php?rest_route=%2Fwp%2Fv2%2Fmedia&parent=4132"}],"wp:term":[{"taxonomy":"category","embeddable":true,"href":"https:\/\/onderoad.radiopopolare.it\/index.php?rest_route=%2Fwp%2Fv2%2Fcategories&post=4132"},{"taxonomy":"post_tag","embeddable":true,"href":"https:\/\/onderoad.radiopopolare.it\/index.php?rest_route=%2Fwp%2Fv2%2Ftags&post=4132"}],"curies":[{"name":"wp","href":"https:\/\/api.w.org\/{rel}","templated":true}]}}