{"id":4086,"date":"2019-11-10T14:30:11","date_gmt":"2019-11-10T13:30:11","guid":{"rendered":"http:\/\/blogs.radiopopolare.it\/onderoad\/?p=4086"},"modified":"2019-11-14T14:53:27","modified_gmt":"2019-11-14T13:53:27","slug":"cast-il-castello-delle-storie-di-montagna","status":"publish","type":"post","link":"https:\/\/onderoad.radiopopolare.it\/?p=4086","title":{"rendered":"CAST: il castello delle storie di Montagna"},"content":{"rendered":"<p><img loading=\"lazy\" decoding=\"async\" class=\"aligncenter size-large wp-image-4087\" src=\"http:\/\/blogs.radiopopolare.it\/onderoad\/wp-content\/uploads\/2019\/11\/01_CAST-800x333.jpg\" alt=\"\" width=\"620\" height=\"258\" srcset=\"https:\/\/onderoad.radiopopolare.it\/wp-content\/uploads\/2019\/11\/01_CAST-800x333.jpg 800w, https:\/\/onderoad.radiopopolare.it\/wp-content\/uploads\/2019\/11\/01_CAST-768x320.jpg 768w, https:\/\/onderoad.radiopopolare.it\/wp-content\/uploads\/2019\/11\/01_CAST-912x380.jpg 912w, https:\/\/onderoad.radiopopolare.it\/wp-content\/uploads\/2019\/11\/01_CAST.jpg 1920w\" sizes=\"auto, (max-width: 620px) 100vw, 620px\" \/><\/p>\n<p>Il<strong> Parco nazionale dello Stelvio<\/strong> e il <strong>Parco delle Orobie Valtellinesi<\/strong> (ma anche molte altre valli e foreste della Valtellina) sono splendide montagne da vivere e da raccontare. E sono proprio &#8216;racconti&#8217; ad essere &#8216;esposti&#8217; al <strong>Cast<\/strong>, acronimo di Castello delle Storie di Montagna. E&#8217; un nuovo museo interattivo dedicato alla citt\u00e0 di Sondrio e alle sue vette, inaugurato lo scorso 6 ottobre. Il nome \u30fbdovuto al fatto che il museo ha la sua sede in due ali del <strong>Castello Masegra<\/strong>, che risale al periodo medievale del capoluogo lombardo. A dispetto della sua antica cornice, il Cast si presenta al pubblico con l&#8217;allestimento all&#8217;avanguardia progettato dal collettivo milanese <a title=\"Studio Azzurro\" href=\"http:\/\/www.studioazzurro.com\/\">Studio Azzurro<\/a>&nbsp; e con la curatela di un grande narratore di viaggi e montagne come <strong>Marco Albino Ferrari<\/strong>. &#8220;Il castello \u00e8 di epoca medievale e finalmente vediamo i frutti di un lavoro che \u00e8 iniziato nel 2013 &#8211; ha spiegato Michele Diasio, assessore al Turismo e alla Promozione territoriale del Comune di Sondrio -. Oggi siamo fiduciosi nella capacit\u00e0 del Cast di soddisfare la passione degli appassionati e avvicinare anche i pi\u00f9 giovani attraverso installazioni multimediali ed esperienze interattive, coniugando storia e tecnologia&#8221;.<br \/>\nL&#8217;allestimento del CAST \u00e8 articolato su tre piani. Il percorso di visita non \u00e8 obbligato, ma pu\u00f2 essere personalizzato a seconda che il visitatore si senta pi\u00f9 arrampicatore o esploratore dell&#8217;ambiente. Per esempio il secondo livello, situato al primo piano, racconta l&#8217;alpinismo e con esso il desiderio dell&#8217;uomo di spingersi in alta montagna attraverso un viaggio vertiginoso sulle Alpi, sui colossi himalaiani e del Karakorum, sui picchi della Patagonia, tra i ghiacci dell&#8217;Alaska e dell&#8217;Antartide. Una sorta di scalata che culmina in un tributo a tre icone della storia dell&#8217;alpinismo: Alfonso Vinci, Carlo Mauri e Walter Bonatti. Il terzo livello, allestito al secondo piano, \u00e8 dedicato all&#8217;ambiente naturale, alla sua conservazione e alle aree protette, mentre un itinerario virtuale fra le diverse specie e gli habitat delle montagne \u00e8 reso possibile grazie alla sala del castello circondata da finestre che offrono una veduta d&#8217;insieme sulla valle.<br \/>\nCastel Masegra non \u00e8 l&#8217;unica magione storica in questo segmento di arco alpino e per il loro recupero \/ conservazione \u00e8 fondamentale il ruolo del <a title=\"FAI\" href=\"https:\/\/www.fondoambiente.it\/\">FAI<\/a>, basti pensare a <strong>Castel Grumello<\/strong>, un maniero che deve il suo nome al dosso roccioso (grumo) sul quale \u00e8 stato edificato. Un ruolo, quello del FAI &#8211; Fondo Ambiente Italiano che si estende anche su realt\u00e0 ambientali apparentemente marginali, come gli <strong>alpeggi Talamona e Pedroria<\/strong>.<\/p>\n<p><strong>INFORMAZIONI E BIGLIETTI<\/strong><br \/>\nIl Cast&nbsp; \u00e8 visitabile da gioved\u00ec a domenica dalle 10 alle 18 (biglietto d&#8217;ingresso 7 euro; 5 euro ridotto; 2 euro per ragazzi dai 14 ai 25 anni). Per sapere di pi\u00f9 sul museo e per i contatti: <a title=\"Visita Sondrio\" href=\"http:\/\/www.visitasondrio.it\/site\/home\/vivi\/cast-a-castello-masegra.html\">http:\/\/www.visitasondrio.it\/site\/home\/vivi\/cast-a-castello-masegra.html<\/a><\/p>\nngg_shortcode_0_placeholder\n","protected":false},"excerpt":{"rendered":"<p>Il Parco nazionale dello Stelvio e il Parco delle Orobie Valtellinesi (ma anche molte altre valli e foreste della Valtellina) sono splendide montagne da vivere e da raccontare. E sono proprio &#8216;racconti&#8217; ad essere &#8216;esposti&#8217; al Cast, acronimo di Castello delle Storie di Montagna. E&#8217; un nuovo museo interattivo dedicato alla citt\u00e0 di Sondrio e &hellip; <a href=\"https:\/\/onderoad.radiopopolare.it\/?p=4086\" class=\"more-link\">Continua a leggere <span class=\"screen-reader-text\">CAST: il castello delle storie di Montagna<\/span><\/a><\/p>\n","protected":false},"author":2,"featured_media":0,"comment_status":"open","ping_status":"open","sticky":false,"template":"","format":"standard","meta":{"ngg_post_thumbnail":0,"footnotes":""},"categories":[1],"tags":[],"class_list":["post-4086","post","type-post","status-publish","format-standard","hentry","category-uncategorized","without-featured-image"],"_links":{"self":[{"href":"https:\/\/onderoad.radiopopolare.it\/index.php?rest_route=\/wp\/v2\/posts\/4086","targetHints":{"allow":["GET"]}}],"collection":[{"href":"https:\/\/onderoad.radiopopolare.it\/index.php?rest_route=\/wp\/v2\/posts"}],"about":[{"href":"https:\/\/onderoad.radiopopolare.it\/index.php?rest_route=\/wp\/v2\/types\/post"}],"author":[{"embeddable":true,"href":"https:\/\/onderoad.radiopopolare.it\/index.php?rest_route=\/wp\/v2\/users\/2"}],"replies":[{"embeddable":true,"href":"https:\/\/onderoad.radiopopolare.it\/index.php?rest_route=%2Fwp%2Fv2%2Fcomments&post=4086"}],"version-history":[{"count":1,"href":"https:\/\/onderoad.radiopopolare.it\/index.php?rest_route=\/wp\/v2\/posts\/4086\/revisions"}],"predecessor-version":[{"id":4106,"href":"https:\/\/onderoad.radiopopolare.it\/index.php?rest_route=\/wp\/v2\/posts\/4086\/revisions\/4106"}],"wp:attachment":[{"href":"https:\/\/onderoad.radiopopolare.it\/index.php?rest_route=%2Fwp%2Fv2%2Fmedia&parent=4086"}],"wp:term":[{"taxonomy":"category","embeddable":true,"href":"https:\/\/onderoad.radiopopolare.it\/index.php?rest_route=%2Fwp%2Fv2%2Fcategories&post=4086"},{"taxonomy":"post_tag","embeddable":true,"href":"https:\/\/onderoad.radiopopolare.it\/index.php?rest_route=%2Fwp%2Fv2%2Ftags&post=4086"}],"curies":[{"name":"wp","href":"https:\/\/api.w.org\/{rel}","templated":true}]}}