{"id":399,"date":"2012-05-05T14:22:20","date_gmt":"2012-05-05T13:22:20","guid":{"rendered":"http:\/\/blogs.radiopopolare.it\/onderoad\/?p=399"},"modified":"2013-03-03T10:51:19","modified_gmt":"2013-03-03T09:51:19","slug":"lentroterra-del-parco-del-cilento","status":"publish","type":"post","link":"https:\/\/onderoad.radiopopolare.it\/?p=399","title":{"rendered":"L&#8217;entroterra del Parco del Cilento"},"content":{"rendered":"<p style=\"text-align: justify;\"><img loading=\"lazy\" decoding=\"async\" class=\"aligncenter  wp-image-402\" title=\"Cilento maggio 2011 217\" alt=\"\" src=\"http:\/\/blogs.radiopopolare.it\/onderoad\/wp-content\/uploads\/2012\/05\/Cilento-maggio-2011-217-1024x682.jpg\" width=\"549\" height=\"366\" srcset=\"https:\/\/onderoad.radiopopolare.it\/wp-content\/uploads\/2012\/05\/Cilento-maggio-2011-217-1024x682.jpg 1024w, https:\/\/onderoad.radiopopolare.it\/wp-content\/uploads\/2012\/05\/Cilento-maggio-2011-217-300x200.jpg 300w\" sizes=\"auto, (max-width: 549px) 100vw, 549px\" \/><\/p>\n<p style=\"text-align: justify;\">Vallate selvagge dove lo sguardo non riesce a cogliere tracce di presenza umana. Mandrie di cavalli bradi. La carcassa di un equino sbranata da un branco di lupi. Un paio di poiane che percorrono ampi cerchi nel cielo, in attesa di fiondarsi verso una preda. E\u2019 l\u2019entroterra del Parco Nazionale del Cilento e Vallo di Diana. Il mare di Palinuro dista decine di chilometri e centinaia di curve. In compenso davanti a me c\u2019\u00e8 un oceano di orchidee selvatiche. La mia guida \u00e8 un omone sulla cinquantina. Conosce le erbe medicinali meglio di uno sciamano nativo americano. \u201cSono farmacista\u201d ci racconta il professor Nicola di Novella \u201cma non mi \u00e8 mai piaciuta l\u2019attivit\u00e0 dietro il banco\u201d. Cos\u00ec da anni raccoglie le piante spontanee nel loro ambiente naturale. Conosce, una per una, le 184 entit\u00e0 tra specie, sottospecie, variabilit\u00e0 ed ibridi di orchidee che popolano gli assolati valloni calcarei a una manciata di chilometri da Sassano. Non \u00e8 l\u2019unico incontro \u2018magico\u2019 fatto su queste montagne. C\u2019\u00e8 Giuseppe, l\u2019unico abitante di Roscigno Vecchia: un borgo nel cuore degli Alburni che fu sgomberato agli inizi del \u2018900 per via di due ordinanze del Genio Civile per la minaccia di una frana che si credeva potesse radere al suolo l\u2019intera cittadina. Da allora tutto \u00e8 rimasto uguale. La piazza dedicata a Giovanni Nicotera, su cui si affacciano le basse case, decorate con bei portali, dei contadini e degli artigiani. Una fontana dalle larghe vasche e una chiesa settecentesca dedicata a San Nicola di Bari. Giuseppe, il sindaco virtuale di questa Pompei del XIX secolo, gestisce un piccolo museo dedicato alla civilt\u00e0 contadina. E c\u2019\u00e8 un secondo Giuseppe, un residente a Sant\u2019Angelo a Fasanella. E\u2019 l\u2019originale sacrestano della grotta santuario di San Michele Arcangelo. La grotta, che in et\u00e0 paleolitica era abitata, \u00e8 gigantesca: lunga 75 metri pu\u00f2 ospitare 400 persone. Secondo Giuseppe \u00e8 stata lavorata dagli angeli, ma fossero stati anche dei muratori bergamaschi il risultato finale \u00e8 di un\u2019eleganza che lascia sconcertati. Un altare dedicato all\u2019Immacolata Concezione, protetto da un baldacchino ligneo. Sarcofaghi e tombe addossate alle pareti. Un vecchio organo. Tutto \u00e8 pregno di storia e mistero. Altre grotte da visitare sono quelle di Pertosa, che ogni anno a fine agosto ospitano il festival Negro. Qui conosciamo Virgilio Gay, direttore della Fondazione MIdA (un sistema museale integrato attivo in loco) e con lui entriamo nel magico mondo del carciofo di Pertosa\u2026<\/p>\n<p style=\"text-align: justify;\">L\u2019 Ente Parco Nazionale del Cilento e Vallo di Diana \u00e8 in Piazza Santa Caterina 8, a Vallo di<br \/>\nLucania (Sa). Tel. 0974.719911. <a href=\"http:\/\/www.cilentoediano.it\">www.cilentoediano.it<\/a>. MIdA. Musei Integrati dell\u2019Ambiente.<br \/>\n<a href=\"http:\/\/www.fondazionemida.it\">www.fondazionemida.it<\/a>. Grotte dell\u2019Angelo. Tel. 0975 397037. <a href=\"http:\/\/www.grottedellangelo.sa.it\">www.grottedellangelo.sa.it<\/a><\/p>\nngg_shortcode_0_placeholder\n<h3>Ascolta il podcast: <\/h3>\n","protected":false},"excerpt":{"rendered":"<p>Vallate selvagge dove lo sguardo non riesce a cogliere tracce di presenza umana. Mandrie di cavalli bradi. La carcassa di un equino sbranata da un branco di lupi. Un paio di poiane che percorrono ampi cerchi nel cielo, in attesa di fiondarsi verso una preda. E\u2019 l\u2019entroterra del Parco Nazionale del Cilento e Vallo di &hellip; <a href=\"https:\/\/onderoad.radiopopolare.it\/?p=399\" class=\"more-link\">Continua a leggere <span class=\"screen-reader-text\">L&#8217;entroterra del Parco del Cilento<\/span><\/a><\/p>\n","protected":false},"author":2,"featured_media":0,"comment_status":"open","ping_status":"open","sticky":false,"template":"","format":"standard","meta":{"ngg_post_thumbnail":0,"footnotes":""},"categories":[1],"tags":[],"class_list":["post-399","post","type-post","status-publish","format-standard","hentry","category-uncategorized","without-featured-image"],"_links":{"self":[{"href":"https:\/\/onderoad.radiopopolare.it\/index.php?rest_route=\/wp\/v2\/posts\/399","targetHints":{"allow":["GET"]}}],"collection":[{"href":"https:\/\/onderoad.radiopopolare.it\/index.php?rest_route=\/wp\/v2\/posts"}],"about":[{"href":"https:\/\/onderoad.radiopopolare.it\/index.php?rest_route=\/wp\/v2\/types\/post"}],"author":[{"embeddable":true,"href":"https:\/\/onderoad.radiopopolare.it\/index.php?rest_route=\/wp\/v2\/users\/2"}],"replies":[{"embeddable":true,"href":"https:\/\/onderoad.radiopopolare.it\/index.php?rest_route=%2Fwp%2Fv2%2Fcomments&post=399"}],"version-history":[{"count":4,"href":"https:\/\/onderoad.radiopopolare.it\/index.php?rest_route=\/wp\/v2\/posts\/399\/revisions"}],"predecessor-version":[{"id":613,"href":"https:\/\/onderoad.radiopopolare.it\/index.php?rest_route=\/wp\/v2\/posts\/399\/revisions\/613"}],"wp:attachment":[{"href":"https:\/\/onderoad.radiopopolare.it\/index.php?rest_route=%2Fwp%2Fv2%2Fmedia&parent=399"}],"wp:term":[{"taxonomy":"category","embeddable":true,"href":"https:\/\/onderoad.radiopopolare.it\/index.php?rest_route=%2Fwp%2Fv2%2Fcategories&post=399"},{"taxonomy":"post_tag","embeddable":true,"href":"https:\/\/onderoad.radiopopolare.it\/index.php?rest_route=%2Fwp%2Fv2%2Ftags&post=399"}],"curies":[{"name":"wp","href":"https:\/\/api.w.org\/{rel}","templated":true}]}}