{"id":3989,"date":"2019-10-06T11:32:11","date_gmt":"2019-10-06T10:32:11","guid":{"rendered":"http:\/\/blogs.radiopopolare.it\/onderoad\/?p=3989"},"modified":"2019-10-08T13:43:39","modified_gmt":"2019-10-08T12:43:39","slug":"contadini-in-alto-adige","status":"publish","type":"post","link":"https:\/\/onderoad.radiopopolare.it\/?p=3989","title":{"rendered":"Contadini in Alto Adige"},"content":{"rendered":"<p><img loading=\"lazy\" decoding=\"async\" class=\"aligncenter size-large wp-image-3990\" src=\"http:\/\/blogs.radiopopolare.it\/onderoad\/wp-content\/uploads\/2019\/10\/01_Harald-Gasser-del-maso-Aspinger-800x450.jpg\" alt=\"\" width=\"620\" height=\"349\" srcset=\"https:\/\/onderoad.radiopopolare.it\/wp-content\/uploads\/2019\/10\/01_Harald-Gasser-del-maso-Aspinger-800x450.jpg 800w, https:\/\/onderoad.radiopopolare.it\/wp-content\/uploads\/2019\/10\/01_Harald-Gasser-del-maso-Aspinger-768x432.jpg 768w, https:\/\/onderoad.radiopopolare.it\/wp-content\/uploads\/2019\/10\/01_Harald-Gasser-del-maso-Aspinger-676x380.jpg 676w, https:\/\/onderoad.radiopopolare.it\/wp-content\/uploads\/2019\/10\/01_Harald-Gasser-del-maso-Aspinger.jpg 1440w\" sizes=\"auto, (max-width: 620px) 100vw, 620px\" \/><\/p>\n<p><span style=\"font-family: 'Times New Roman', serif;\"><span style=\"font-size: medium;\">Che per un giovane trovarsi un lavoro non sia cosa facile \u00e8 un dato di fatto. Storicamente le nostre montagne si sono spopolate perch\u00e9 erano tra i luoghi pi\u00f9 difficili dove trovare un lavoro. Negli ultimi anni si sta registrando un processo inverso: sono numerosi i casi di giovani che decidono di investire studi e fatica per cercare di <\/span><\/span><span style=\"font-family: 'Times New Roman', serif;\"><span style=\"font-size: medium;\">impiantare una attivit\u00e0 nella propria terra. Spesso decidendo di sporcarsi le mani proprio con quella terra, restando cos\u00ec anche fisicamente legati al proprio territorio. <\/span><\/span><span style=\"font-family: 'Times New Roman', serif;\"><span style=\"font-size: medium;\">Una scelta dove dove antico e moderno convivono <\/span><\/span><span style=\"font-family: 'Times New Roman', serif;\"><span style=\"font-size: medium;\">tra tradizione e innovazione. <\/span><\/span><span style=\"font-family: 'Times New Roman', serif;\"><span style=\"font-size: medium;\">Abbiamo fatto un piccolo tour in <\/span><\/span><span style=\"font-family: 'Times New Roman', serif;\"><span style=\"font-size: medium;\"><i><b>Alto Adige<\/b><\/i><\/span><\/span><span style=\"font-family: 'Times New Roman', serif;\"><span style=\"font-size: medium;\"> dove abbiamo registrato alcune storie. La prima tappa \u00e8 a <\/span><\/span><span style=\"font-family: 'Times New Roman', serif;\"><span style=\"font-size: medium;\"><i><b>Barbiano<\/b><\/i><\/span><\/span><span style=\"font-family: 'Times New Roman', serif;\"><span style=\"font-size: medium;\">, borgo famoso per le cascate del rio Ganda, per il suo <\/span><\/span><span style=\"color: #000000;\"><span style=\"font-family: 'Times New Roman', serif;\"><span style=\"font-size: medium;\">campanile pendente e <\/span><\/span><\/span><span style=\"color: #000000;\"><span style=\"font-family: 'Times New Roman', serif;\"><span style=\"font-size: medium;\"> per le <\/span><\/span><\/span><span style=\"color: #000000;\"><span style=\"font-family: 'Times New Roman', serif;\"><span style=\"font-size: medium;\">tre cappelle gotiche di Bagni Trechiese. A<\/span><\/span><\/span><span style=\"color: #000000;\"><span style=\"font-family: 'Times New Roman', serif;\"><span style=\"font-size: medium;\">l <a title=\"maso Aspinger\" href=\"http:\/\/www.aspinger.com\/it\/maso-aspinger\/\" target=\"null\">maso Aspinger<\/a><\/span><\/span><\/span><span style=\"color: #000000;\"><span style=\"font-family: 'Times New Roman', serif;\"><span style=\"font-size: medium;\"><i><b>&nbsp;<\/b><\/i><\/span><\/span><\/span><span style=\"color: #000000;\"><span style=\"font-family: 'Times New Roman', serif;\"><span style=\"font-size: medium;\">, <\/span><\/span><\/span><span style=\"color: #000000;\"><span style=\"font-family: 'Times New Roman', serif;\"><span style=\"font-size: medium;\">abbiamo incontrato<\/span><\/span><\/span> <span style=\"color: #000000;\"><span style=\"font-family: 'Times New Roman', serif;\"><span style=\"font-size: medium;\"><i><b>Harald Gasser<\/b><\/i><\/span><\/span><\/span><span style=\"color: #000000;\"><span style=\"font-family: 'Times New Roman', serif;\"><span style=\"font-size: medium;\">, un giovane contadino che ha deciso di <\/span><\/span><\/span><span style=\"font-family: 'Times New Roman', serif;\"><span style=\"font-size: medium;\">ridare valore a verdure ormai rare recuperando i sapori autentici della tradizione altoatesina. Nel 2001 Harald inizi\u00f2 la sua avventura con un campo di 15m\u00b2 e con appena 180 semi coltiv\u00f2 tipologie di frutta e verdura del passato. Oggi, in armonia con la natura, crescono su una superficie di 5000 m\u00b2 pi\u00f9 di 600 variet\u00e0 di frutta e ortaggi locali ed esotici, cos\u00ec come variet\u00e0 rare quasi dimenticate che restituiscono i sapori pi\u00f9 antichi del territorio altoatesino. A <\/span><\/span><span style=\"font-family: 'Times New Roman', serif;\"><span style=\"font-size: medium;\"><i><b>Collalbo<\/b><\/i><\/span><\/span><span style=\"font-family: 'Times New Roman', serif;\"><span style=\"font-size: medium;\">, uno dei borghi di un <\/span><\/span><span style=\"color: #000000;\"><span style=\"font-family: 'Times New Roman', serif;\"><span style=\"font-size: medium;\">paradiso escursionistico poco distante da <\/span><\/span><\/span><span style=\"color: #000000;\"><span style=\"font-family: 'Times New Roman', serif;\"><span style=\"font-size: medium;\"><i><b>Bolzano<\/b><\/i><\/span><\/span><\/span><span style=\"color: #000000;\"><span style=\"font-family: 'Times New Roman', serif;\"><span style=\"font-size: medium;\"> chiamato <\/span><\/span><\/span><span style=\"color: #000000;\"><span style=\"font-family: 'Times New Roman', serif;\"><span style=\"font-size: medium;\"><i><b>Altopiano del Renon<\/b><\/i><\/span><\/span><\/span><span style=\"color: #000000;\"><span style=\"font-family: 'Times New Roman', serif;\"><span style=\"font-size: medium;\">, abbiamo incontrato <\/span><\/span><\/span><span style=\"color: #000000;\"><span style=\"font-family: 'Times New Roman', serif;\"><span style=\"font-size: medium;\"><i><b>Stefan Rottensteiner<\/b><\/i><\/span><\/span><\/span><span style=\"color: #000000;\"><span style=\"font-family: 'Times New Roman', serif;\"><span style=\"font-size: medium;\"> del <a title=\"maso Oberweidacherhof\" href=\"https:\/\/www.wagyu.bz.it\/it\/alto-adige\/oberweidacherhof.html\" target=\"null\">maso Oberweidacherhof<\/a><\/span><\/span><\/span><span style=\"color: #000000;\"><span style=\"font-family: 'Times New Roman', serif;\"><span style=\"font-size: medium;\">, allevatore di bovini giapponesi Wagyu. <\/span><\/span><\/span><span style=\"font-family: 'Times New Roman', serif;\"><span style=\"font-size: medium;\">Per diverse generazioni mucche da latte e vitelli d\u2019allevamento sono stati la principale attivit\u00e0 del maso Oberweidacherhof. Qualche anno fa per\u00f2 qualcosa \u00e8 cambiato, Stefan ha dato voce alla sua voglia di innovare e ampliare la propria attivit\u00e0 dedicandosi all\u2019allevamento dei pregiati bovini Wagyu. Alla <\/span><\/span><span style=\"font-family: 'Times New Roman', serif;\"><span style=\"font-size: medium;\"><i><b>tenuta vitivinicola CEO<\/b><\/i><\/span><\/span><span style=\"font-family: 'Times New Roman', serif;\"><span style=\"font-size: medium;\"> di <a title=\"Solorno\" href=\"https:\/\/www.ceo-wine.it\/it\/\" target=\"null\">Solorno<\/a>,&nbsp;<\/span><\/span><span style=\"font-family: 'Times New Roman', serif;\"><span style=\"font-size: medium;\">il vigneron <\/span><\/span><em><span style=\"color: #000000;\"><span style=\"font-family: 'Times New Roman', serif;\"><span style=\"font-size: medium;\"><i><b>Dietrich Ceolan<\/b><\/i><\/span><\/span><\/span><\/em><em><span style=\"color: #000000;\"><span style=\"font-family: 'Times New Roman', serif;\"><span style=\"font-size: medium;\"> ci ha introdotto alle sue uve,<\/span><\/span><\/span><\/em><span style=\"font-family: 'Times New Roman', serif;\"> da cui ricava ben sette vini caratteristici della zona. <\/span><span style=\"font-family: 'Times New Roman', serif;\"><span style=\"font-size: medium;\">Invece ad <\/span><\/span><span style=\"font-family: 'Times New Roman', serif;\"><span style=\"font-size: medium;\"><i><b>Aldino<\/b><\/i><\/span><\/span><span style=\"font-family: 'Times New Roman', serif;\"><span style=\"font-size: medium;\">, <\/span><\/span><span style=\"color: #000000;\"><span style=\"font-family: 'Times New Roman', serif;\"><span style=\"font-size: medium;\">s<\/span><\/span><\/span><span style=\"color: #000000;\"><span style=\"font-family: 'Times New Roman', serif;\"><span style=\"font-size: medium;\">ull&#8217;altopiano del monte Regolo,<\/span><\/span><\/span> <span style=\"color: #000000;\"><span style=\"font-family: 'Times New Roman', serif;\"><span style=\"font-size: medium;\">nell&#8217;antico <\/span><\/span><\/span><span style=\"color: #000000;\"><span style=\"font-family: 'Times New Roman', serif;\"><span style=\"font-size: medium;\"><i><b>maso Hof im Thal<\/b><\/i><\/span><\/span><\/span><span style=\"color: #000000;\"><span style=\"font-family: 'Times New Roman', serif;\"><span style=\"font-size: medium;\">, <\/span><\/span><\/span><span style=\"color: #000000;\"><span style=\"font-family: 'Times New Roman', serif;\"><span style=\"font-size: medium;\"><i><b>Andreas Kalser <\/b><\/i><\/span><\/span><\/span><span style=\"color: #000000;\"><span style=\"font-family: 'Times New Roman', serif;\"><span style=\"font-size: medium;\">e <\/span><\/span><\/span><span style=\"color: #000000;\"><span style=\"font-family: 'Times New Roman', serif;\"><span style=\"font-size: medium;\"><i><b>Josef Obkircher<\/b><\/i><\/span><\/span><\/span><span style=\"color: #000000;\"><span style=\"font-family: 'Times New Roman', serif;\"><span style=\"font-size: medium;\"> hanno recuperato un vecch<\/span><\/span><\/span><span style=\"font-family: 'Times New Roman', serif;\"><span style=\"font-size: medium;\">io fienile e lo hanno riprogettato per creare le condizioni ideali alla coltivazione biologica di funghi pregiati. La sfida \u00e8 iniziata nel 2017 e oggi i funghi crescono con spontaneit\u00e0 e semplicit\u00e0 durante tutto l\u2019anno, in particolare due qualit\u00e0 davvero uniche per il territorio altoatesino: gli shiitake, originari della Cina e del Giappone, e i cardoncelli, tipici delle zone mediterranee. L&#8217;ultima tappa \u00e8 stata ad<\/span><\/span><span style=\"font-family: 'Times New Roman', serif;\"><span style=\"font-size: medium;\"><i><b> Anterivo<\/b><\/i><\/span><\/span><span style=\"font-family: 'Times New Roman', serif;\"><span style=\"font-size: medium;\">, in Val di Fiemme, un borgo immerso nell&#8217;area del Parco Naturale Monte Corno. Qui <\/span><\/span><span style=\"font-family: 'Times New Roman', serif;\"><span style=\"font-size: medium;\"><i><b>Hartmann Varesco<\/b><\/i><\/span><\/span><span style=\"font-family: 'Times New Roman', serif;\"><span style=\"font-size: medium;\"> del <a title=\"maso K\u00fcrbishof\" href=\"http:\/\/www.kuerbishof.it\/index-it.php\" target=\"null\">maso K\u00fcrbishof<\/a><\/span><\/span><span style=\"font-family: 'Times New Roman', serif;\"><span style=\"font-size: medium;\"><i><b>&nbsp;<\/b><\/i><\/span><\/span><span style=\"font-family: 'Times New Roman', serif;\"><span style=\"font-size: medium;\">ci ha introdotto ai segreti del caff\u00e8 di lupino.<\/span><\/span><span style=\"font-family: 'Times New Roman', serif;\"><span style=\"font-size: medium;\"> Ricavato dal seme dell\u2019omonima pianta, oggi \u00e8 un\u2019alternativa alla nota bevanda. In passato il caff\u00e8 di lupini permetteva anche ai pi\u00f9 poveri di realizzare un piccolo guadagno, era un caff\u00e8 molto amaro, a causa della lunga tostatura e veniva <\/span><\/span><span style=\"font-family: 'Times New Roman', serif;\"><span style=\"font-size: medium;\">quindi consumato miscelato (fino al 20%) con l\u2019orzo. Il desiderio di guardare al passato ha <\/span><\/span><span style=\"font-family: 'Times New Roman', serif;\"><span style=\"font-size: medium;\">portato cinque agricoltori, tra cui Hartmann, a coltivare questa pianta dalle straordinarie propriet\u00e0: con essa infatti si produce non solo caff\u00e8, ma anche birra, cioccolato, grappa e persino gustosi formaggi.<\/span><\/span><\/p>\n<p><a title=\"Idm SudTirol\" href=\"https:\/\/www.idm-suedtirol.com\/it\/home.html\">www.idm-suetirol.com<\/a><\/p>\n<p><a title=\"Sud Tirol\" href=\"http:\/\/www.sudtirol.info\/de\/suedtirol.html\">www.sudtirol.info<\/a><\/p>\nngg_shortcode_0_placeholder\n","protected":false},"excerpt":{"rendered":"<p>Che per un giovane trovarsi un lavoro non sia cosa facile \u00e8 un dato di fatto. Storicamente le nostre montagne si sono spopolate perch\u00e9 erano tra i luoghi pi\u00f9 difficili dove trovare un lavoro. Negli ultimi anni si sta registrando un processo inverso: sono numerosi i casi di giovani che decidono di investire studi e &hellip; <a href=\"https:\/\/onderoad.radiopopolare.it\/?p=3989\" class=\"more-link\">Continua a leggere <span class=\"screen-reader-text\">Contadini in Alto Adige<\/span><\/a><\/p>\n","protected":false},"author":2,"featured_media":0,"comment_status":"open","ping_status":"open","sticky":false,"template":"","format":"standard","meta":{"ngg_post_thumbnail":0,"footnotes":""},"categories":[1],"tags":[],"class_list":["post-3989","post","type-post","status-publish","format-standard","hentry","category-uncategorized","without-featured-image"],"_links":{"self":[{"href":"https:\/\/onderoad.radiopopolare.it\/index.php?rest_route=\/wp\/v2\/posts\/3989","targetHints":{"allow":["GET"]}}],"collection":[{"href":"https:\/\/onderoad.radiopopolare.it\/index.php?rest_route=\/wp\/v2\/posts"}],"about":[{"href":"https:\/\/onderoad.radiopopolare.it\/index.php?rest_route=\/wp\/v2\/types\/post"}],"author":[{"embeddable":true,"href":"https:\/\/onderoad.radiopopolare.it\/index.php?rest_route=\/wp\/v2\/users\/2"}],"replies":[{"embeddable":true,"href":"https:\/\/onderoad.radiopopolare.it\/index.php?rest_route=%2Fwp%2Fv2%2Fcomments&post=3989"}],"version-history":[{"count":8,"href":"https:\/\/onderoad.radiopopolare.it\/index.php?rest_route=\/wp\/v2\/posts\/3989\/revisions"}],"predecessor-version":[{"id":4017,"href":"https:\/\/onderoad.radiopopolare.it\/index.php?rest_route=\/wp\/v2\/posts\/3989\/revisions\/4017"}],"wp:attachment":[{"href":"https:\/\/onderoad.radiopopolare.it\/index.php?rest_route=%2Fwp%2Fv2%2Fmedia&parent=3989"}],"wp:term":[{"taxonomy":"category","embeddable":true,"href":"https:\/\/onderoad.radiopopolare.it\/index.php?rest_route=%2Fwp%2Fv2%2Fcategories&post=3989"},{"taxonomy":"post_tag","embeddable":true,"href":"https:\/\/onderoad.radiopopolare.it\/index.php?rest_route=%2Fwp%2Fv2%2Ftags&post=3989"}],"curies":[{"name":"wp","href":"https:\/\/api.w.org\/{rel}","templated":true}]}}