{"id":392,"date":"2012-04-28T11:16:08","date_gmt":"2012-04-28T10:16:08","guid":{"rendered":"http:\/\/blogs.radiopopolare.it\/onderoad\/?p=392"},"modified":"2013-03-03T10:50:58","modified_gmt":"2013-03-03T09:50:58","slug":"la-sposa-dellaria","status":"publish","type":"post","link":"https:\/\/onderoad.radiopopolare.it\/?p=392","title":{"rendered":"La sposa dell&#8217;aria"},"content":{"rendered":"<p style=\"text-align: center;\"><em><\/em><em><\/em><em>T<\/em><em><\/em><em>orino, 8 ottobre 1893. \u00c8 un giorno speciale per Anna Demichelis, diciotto anni, bellissima, di umili <\/em><em><\/em><em><\/em><em>origini. Annetta si sposa con Giuseppe Charbonnet, grande appassionato di aerostatica, discendente <\/em><em><\/em><em>di una facoltosa famiglia francese da tempo stabilitasi nel capoluogo piemontese. Tutta la citt\u00e0 \u00e8 in <\/em><em><\/em><em>subbuglio. Lo sposo ha promesso che dopo la cerimonia <\/em><em><\/em><em>spiccher\u00e0 il volo con la sua giovane moglie a bordo dell&#8217;aerostato Stella. Il Gazometro di Torino \u00e8 gremito di gente e le aspettative del pubblico non vengono tradite: al grido di &#8220;Viva gli sposi aeronauti!&#8221;, la Stella si alza in cielo. \u00c8 un trionfo, ma per l&#8217;intraprendente Charbonnet non \u00e8 abbastanza e per il giorno successivo organizza una nuova spedizione. A bordo, oltre alla moglie, ci <\/em><em><\/em><em>sono due fidi collaboratori della sua officina: il signor Botto e Costantino, un giovane segretamente innamorato di Annetta. Sar\u00e0 un&#8217;odissea, tra tempeste, manovre azzardate, un rovinoso atterraggio su una montagna che nessuno conosce\u2026<\/em><em><\/em><em><\/em><\/p>\n<p style=\"text-align: justify;\">Un romanzo, questo di Marco Albino Ferrari (\u201cLa sposa dell\u2019aria\u201d, Feltrinelli, 14 Euro), che riesce a\u00a0<em><\/em><em><\/em>fotografare con intelligenza l\u2019 incontro \/ scontro tra positivismo e religiosit\u00e0 ancestrale. Protagonisti, oltre ai leggendari \u201csposi dell\u2019aria\u201d, la Torino scapitalizzata e un segmento delle Alpi Graie dimenticato dal turismo di massa. Troppo vicino alla citt\u00e0, privo di moderne attrezzature turistiche. Eppure localit\u00e0 come Balme, il Pian della Mussa e il ghiacciaio della Bessanese meritano di essere riscoperti\u2026<\/p>\n<p style=\"text-align: justify;\">Il Museo della Montagna \u00e8 a Torino, in Piazzale Monte dei Cappuccin. Tel 011 660 4104 &#8211; <a href=\"http:\/\/www.museomontagna.org\">Link<\/a><\/p>\n<h3 style=\"text-align: justify;\">Ascolta il podcast: <\/h3>\nngg_shortcode_0_placeholder\n","protected":false},"excerpt":{"rendered":"<p>Torino, 8 ottobre 1893. \u00c8 un giorno speciale per Anna Demichelis, diciotto anni, bellissima, di umili origini. Annetta si sposa con Giuseppe Charbonnet, grande appassionato di aerostatica, discendente di una facoltosa famiglia francese da tempo stabilitasi nel capoluogo piemontese. Tutta la citt\u00e0 \u00e8 in subbuglio. Lo sposo ha promesso che dopo la cerimonia spiccher\u00e0 il &hellip; <a href=\"https:\/\/onderoad.radiopopolare.it\/?p=392\" class=\"more-link\">Continua a leggere <span class=\"screen-reader-text\">La sposa dell&#8217;aria<\/span><\/a><\/p>\n","protected":false},"author":2,"featured_media":0,"comment_status":"open","ping_status":"open","sticky":false,"template":"","format":"standard","meta":{"ngg_post_thumbnail":0,"footnotes":""},"categories":[1],"tags":[],"class_list":["post-392","post","type-post","status-publish","format-standard","hentry","category-uncategorized","without-featured-image"],"_links":{"self":[{"href":"https:\/\/onderoad.radiopopolare.it\/index.php?rest_route=\/wp\/v2\/posts\/392","targetHints":{"allow":["GET"]}}],"collection":[{"href":"https:\/\/onderoad.radiopopolare.it\/index.php?rest_route=\/wp\/v2\/posts"}],"about":[{"href":"https:\/\/onderoad.radiopopolare.it\/index.php?rest_route=\/wp\/v2\/types\/post"}],"author":[{"embeddable":true,"href":"https:\/\/onderoad.radiopopolare.it\/index.php?rest_route=\/wp\/v2\/users\/2"}],"replies":[{"embeddable":true,"href":"https:\/\/onderoad.radiopopolare.it\/index.php?rest_route=%2Fwp%2Fv2%2Fcomments&post=392"}],"version-history":[{"count":3,"href":"https:\/\/onderoad.radiopopolare.it\/index.php?rest_route=\/wp\/v2\/posts\/392\/revisions"}],"predecessor-version":[{"id":612,"href":"https:\/\/onderoad.radiopopolare.it\/index.php?rest_route=\/wp\/v2\/posts\/392\/revisions\/612"}],"wp:attachment":[{"href":"https:\/\/onderoad.radiopopolare.it\/index.php?rest_route=%2Fwp%2Fv2%2Fmedia&parent=392"}],"wp:term":[{"taxonomy":"category","embeddable":true,"href":"https:\/\/onderoad.radiopopolare.it\/index.php?rest_route=%2Fwp%2Fv2%2Fcategories&post=392"},{"taxonomy":"post_tag","embeddable":true,"href":"https:\/\/onderoad.radiopopolare.it\/index.php?rest_route=%2Fwp%2Fv2%2Ftags&post=392"}],"curies":[{"name":"wp","href":"https:\/\/api.w.org\/{rel}","templated":true}]}}