{"id":3893,"date":"2019-07-21T09:35:18","date_gmt":"2019-07-21T08:35:18","guid":{"rendered":"http:\/\/blogs.radiopopolare.it\/onderoad\/?p=3893"},"modified":"2019-07-29T09:42:57","modified_gmt":"2019-07-29T08:42:57","slug":"bretagna-una-strana-crociera","status":"publish","type":"post","link":"https:\/\/onderoad.radiopopolare.it\/?p=3893","title":{"rendered":"Bretagna: una &#8216;strana&#8217; crociera"},"content":{"rendered":"<p><img loading=\"lazy\" decoding=\"async\" class=\"aligncenter size-large wp-image-3894\" src=\"http:\/\/blogs.radiopopolare.it\/onderoad\/wp-content\/uploads\/2019\/07\/01_Croisiere-Pen-Bron-800x291.jpg\" alt=\"\" width=\"620\" height=\"226\" srcset=\"https:\/\/onderoad.radiopopolare.it\/wp-content\/uploads\/2019\/07\/01_Croisiere-Pen-Bron-800x291.jpg 800w, https:\/\/onderoad.radiopopolare.it\/wp-content\/uploads\/2019\/07\/01_Croisiere-Pen-Bron-768x279.jpg 768w, https:\/\/onderoad.radiopopolare.it\/wp-content\/uploads\/2019\/07\/01_Croisiere-Pen-Bron-1045x380.jpg 1045w, https:\/\/onderoad.radiopopolare.it\/wp-content\/uploads\/2019\/07\/01_Croisiere-Pen-Bron.jpg 1920w\" sizes=\"auto, (max-width: 620px) 100vw, 620px\" \/><\/p>\n<p>&nbsp;<\/p>\n<p>Il 22 e il 23 giugno scorso si \u00e8 svolta la 36\u00b0 edizione della crociera di Pen Bron dal porto di La Turballe a quello di Arzal, in Bretagna. Circa 6 ore di navigazione. La peculiarit\u00e0 di questa manifestazione \u00e8 che delle pi\u00f9 di 1.000 persone imbarcate 200 erano disabili, ognuna assistita da una accompagnatrice o da un accompagnatore, provenienti da diversi istituti di Francia oltre a coloro non ospedalizzati.<br \/>\nL\u2019idea nasce 36 anni fa dalla passione per la vela del dr. Fran\u00e7ois Moutet, allora direttore del centro di riabilitazione di Pen Bron. Unire il mondo della vela, dei marinai, con quello dei disabili.<br \/>\nL\u2019intuizione di Fran\u00e7oise Moutet poggia su due forti convinzioni: la prima, che possiamo definire etica, afferma che le persone disabili hanno diritto ad un loro reale posto nella societ\u00e0 e che i medici e tutto il personale sanitario hanno il dovere di creare le migliori condizioni umane e sanitarie perch\u00e9 possano raggiungere questo obiettivo. La seconda, altrettanto potente, che possiamo definire \u201cmedico-professionale\u201d, \u00e8 sintetizzata nell\u2019intervista, riportata alla fine della trasmissione: \u201ctutti noi invecchiamo e un giorno saremo anche noi disabili, quindi pi\u00f9 creiamo dei legami sociali e dei modi di vita solidali pi\u00f9 penso che migliorer\u00e0 la qualit\u00e0 di vita di tutti\u201d.<br \/>\nLa crociera diventa quindi una forma di terapia: due giorni su barche \u201cnormali\u201d cio\u00e8 non adattate, impone ai disabili e agli abili di verificare: ai primi le proprie capacit\u00e0 motorie o meglio la ricerca del limite che ha sempre come esito un nuovo limite e, ai secondi, di agire sempre in stretta relazione con l\u2019altro.<br \/>\nIl dr. Patric ha raccontato una storia commovente ed entusiasmante e chiude il suo racconto con la magia e il messaggio che viene dalla \u201cPen Bron\u201d: vivere insieme nello stesso spazio facendo le stesse cose porta le persone a scoprire risorse e capacit\u00e0, conoscenze e sensibilit\u00e0 speciali e insospettabili.<\/p>\n<p><a title=\"La Croisi\u00e8re de Pen-Bron\" href=\"https:\/\/www.croisiere-penbron.com\/\">www.croisiere-penbron.com<\/a><\/p>\n<p>&nbsp;<\/p>\nngg_shortcode_0_placeholder\n<p>&nbsp;<\/p>\n","protected":false},"excerpt":{"rendered":"<p>&nbsp; Il 22 e il 23 giugno scorso si \u00e8 svolta la 36\u00b0 edizione della crociera di Pen Bron dal porto di La Turballe a quello di Arzal, in Bretagna. Circa 6 ore di navigazione. La peculiarit\u00e0 di questa manifestazione \u00e8 che delle pi\u00f9 di 1.000 persone imbarcate 200 erano disabili, ognuna assistita da una &hellip; <a href=\"https:\/\/onderoad.radiopopolare.it\/?p=3893\" class=\"more-link\">Continua a leggere <span class=\"screen-reader-text\">Bretagna: una &#8216;strana&#8217; crociera<\/span><\/a><\/p>\n","protected":false},"author":2,"featured_media":0,"comment_status":"open","ping_status":"open","sticky":false,"template":"","format":"standard","meta":{"ngg_post_thumbnail":0,"footnotes":""},"categories":[1],"tags":[],"class_list":["post-3893","post","type-post","status-publish","format-standard","hentry","category-uncategorized","without-featured-image"],"_links":{"self":[{"href":"https:\/\/onderoad.radiopopolare.it\/index.php?rest_route=\/wp\/v2\/posts\/3893","targetHints":{"allow":["GET"]}}],"collection":[{"href":"https:\/\/onderoad.radiopopolare.it\/index.php?rest_route=\/wp\/v2\/posts"}],"about":[{"href":"https:\/\/onderoad.radiopopolare.it\/index.php?rest_route=\/wp\/v2\/types\/post"}],"author":[{"embeddable":true,"href":"https:\/\/onderoad.radiopopolare.it\/index.php?rest_route=\/wp\/v2\/users\/2"}],"replies":[{"embeddable":true,"href":"https:\/\/onderoad.radiopopolare.it\/index.php?rest_route=%2Fwp%2Fv2%2Fcomments&post=3893"}],"version-history":[{"count":1,"href":"https:\/\/onderoad.radiopopolare.it\/index.php?rest_route=\/wp\/v2\/posts\/3893\/revisions"}],"predecessor-version":[{"id":3913,"href":"https:\/\/onderoad.radiopopolare.it\/index.php?rest_route=\/wp\/v2\/posts\/3893\/revisions\/3913"}],"wp:attachment":[{"href":"https:\/\/onderoad.radiopopolare.it\/index.php?rest_route=%2Fwp%2Fv2%2Fmedia&parent=3893"}],"wp:term":[{"taxonomy":"category","embeddable":true,"href":"https:\/\/onderoad.radiopopolare.it\/index.php?rest_route=%2Fwp%2Fv2%2Fcategories&post=3893"},{"taxonomy":"post_tag","embeddable":true,"href":"https:\/\/onderoad.radiopopolare.it\/index.php?rest_route=%2Fwp%2Fv2%2Ftags&post=3893"}],"curies":[{"name":"wp","href":"https:\/\/api.w.org\/{rel}","templated":true}]}}