{"id":3845,"date":"2019-07-14T11:45:48","date_gmt":"2019-07-14T10:45:48","guid":{"rendered":"http:\/\/blogs.radiopopolare.it\/onderoad\/?p=3845"},"modified":"2019-07-19T08:42:51","modified_gmt":"2019-07-19T07:42:51","slug":"alpi-orobie","status":"publish","type":"post","link":"https:\/\/onderoad.radiopopolare.it\/?p=3845","title":{"rendered":"Alpi Orobie"},"content":{"rendered":"<p><img loading=\"lazy\" decoding=\"async\" class=\"size-large wp-image-3846\" src=\"http:\/\/blogs.radiopopolare.it\/onderoad\/wp-content\/uploads\/2019\/07\/01_Le-Orobie-al-tramonto-viste-dal-Monte-Guglelmino_photo-Michele-Rossetti-800x429.jpg\" alt=\"\" width=\"620\" height=\"332\" srcset=\"https:\/\/onderoad.radiopopolare.it\/wp-content\/uploads\/2019\/07\/01_Le-Orobie-al-tramonto-viste-dal-Monte-Guglelmino_photo-Michele-Rossetti-800x429.jpg 800w, https:\/\/onderoad.radiopopolare.it\/wp-content\/uploads\/2019\/07\/01_Le-Orobie-al-tramonto-viste-dal-Monte-Guglelmino_photo-Michele-Rossetti-768x412.jpg 768w, https:\/\/onderoad.radiopopolare.it\/wp-content\/uploads\/2019\/07\/01_Le-Orobie-al-tramonto-viste-dal-Monte-Guglelmino_photo-Michele-Rossetti-708x380.jpg 708w\" sizes=\"auto, (max-width: 620px) 100vw, 620px\" \/><\/p>\n<p><span style=\"color: #000000;\"><span style=\"font-family: 'Times New Roman', serif;\"><span style=\"font-size: large;\">Le Alpi Orobie sono una catena montuosa della Lombardia che si sviluppa per 75 km, nettamente demarcata tra il lago di Como a ovest, il profondo solco della Valtellina a nord e quello della Valcamonica a est. La catena culmina nel <\/span><\/span><\/span><span style=\"color: #000000;\"><span style=\"font-family: 'Times New Roman', serif;\"><span style=\"font-size: large;\"><i><b>Pizzo di Coca<\/b><\/i><\/span><\/span><\/span><span style=\"color: #000000;\"><span style=\"font-family: 'Times New Roman', serif;\"><span style=\"font-size: large;\"> (3052 m), al limite tra le province di Sondrio e di Bergamo.<\/span><\/span><\/span><span style=\"font-size: large;\"> <span style=\"color: #000000;\"><span style=\"font-family: 'Times New Roman', serif;\">I circa 70.000 ettari del Parco delle Orobie bergamasche rappresentano una delle pi\u00f9 estese aree protette ad elevata naturalit\u00e0 <\/span><\/span><\/span><span style=\"color: #000000;\"><span style=\"font-family: 'Times New Roman', serif;\"><span style=\"font-size: large;\">della Lombardia. Il Parco comprende gran parte del versante meridionale delle Orobie, con imponenti rilievi montuosi che si stagliano fino a oltre 3.000 metri di altitudine ed estese vallate percorse dai fiumi Brembo, Serio e Dezzo, che solcano rispettivamente le <\/span><\/span><\/span><span style=\"color: #000000;\"><span style=\"font-family: 'Times New Roman', serif;\"><span style=\"font-size: large;\"><i><b>Valli Brembana<\/b><\/i><\/span><\/span><\/span><span style=\"color: #000000;\"><span style=\"font-family: 'Times New Roman', serif;\"><span style=\"font-size: large;\">, <\/span><\/span><\/span><span style=\"color: #000000;\"><span style=\"font-family: 'Times New Roman', serif;\"><span style=\"font-size: large;\"><i><b>Seriana<\/b><\/i><\/span><\/span><\/span><span style=\"color: #000000;\"><span style=\"font-family: 'Times New Roman', serif;\"><span style=\"font-size: large;\"> e di <\/span><\/span><\/span><span style=\"color: #000000;\"><span style=\"font-family: 'Times New Roman', serif;\"><span style=\"font-size: large;\"><i><b>Scalve<\/b><\/i><\/span><\/span><\/span><span style=\"color: #000000;\"><span style=\"font-family: 'Times New Roman', serif;\"><span style=\"font-size: large;\">; le numerose valli laterali regalano scenari sorprendenti e talora incontaminati. <\/span><\/span><\/span><span style=\"color: #000000;\"><span style=\"font-family: 'Times New Roman', serif;\"><span style=\"font-size: large;\">Il territorio \u00e8 assai vario: su queste montagne si trovano infatti estesi boschi, praterie di vario tipo <\/span><\/span><\/span><span style=\"color: #000000;\"><span style=\"font-family: 'Times New Roman', serif;\"><span style=\"font-size: large;\">che ospitano flora e fauna di elevatissimo interesse, rupi e ghiaioni pure popolati da specie rare e talora endemiche. Se in inverno rappresentano un ottimo spunto per tutti gli sportivi amanti della neve, le Orobie, durante la bella stagione, permettono invece di avventurarsi alla volta dei suoi sentieri segnalati che conducono in cima alle sue vette, luogo ideale per gli amanti dell&#8217;escursionismo pronti ad immergersi nelle zone pi\u00f9 selvagge dove, tra laghi, torrenti e cascate, si possono fare incontri ravvicinati con marmotte, stambecchi, camosci ed aquile. Uno degli itinerari pi\u00f9 intriganti, come ci racconta <\/span><\/span><\/span><span style=\"color: #000000;\"><span style=\"font-family: 'Times New Roman', serif;\"><span style=\"font-size: large;\"><i><b>Beno<\/b><\/i><\/span><\/span><\/span><span style=\"color: #000000;\"><span style=\"font-family: 'Times New Roman', serif;\"><span style=\"font-size: large;\">, alpinista e &#8216;indigeno&#8217; dello Orobie, \u00e8 il <\/span><\/span><\/span><span style=\"color: #000000;\"><span style=\"font-family: 'Times New Roman', serif;\"><span style=\"font-size: large;\"><i><b>Pizzo di Scotes<\/b><\/i><\/span><\/span><\/span><span style=\"color: #000000;\"><span style=\"font-family: 'Times New Roman', serif;\"><span style=\"font-size: large;\"> (2978 mt). Per altezza \u00e8 solo la quinta cima di questa catena, ma \u00e8 anche la pi\u00f9 interessante in quanto a panorama glaciale. Dalla sommit\u00e0 di questa elegante piramide tronca si domina sia il pi\u00f9 esteso ghiacciaio delle Alpi Orobie, quello del Lupo, sia quello che per la pittoresca crepacciata ne \u00e8 stato eletto a simbolo, ovvero la <\/span><\/span><\/span><span style=\"color: #000000;\"><span style=\"font-family: 'Times New Roman', serif;\"><span style=\"font-size: large;\"><i><b>Vedretta di Porola<\/b><\/i><\/span><\/span><\/span><span style=\"color: #000000;\"><span style=\"font-family: 'Times New Roman', serif;\"><span style=\"font-size: large;\">. Inoltre le montagne alle spalle di Bergamo, con le loro rupi, cascate e guglie &#8211; come ci conferma la biologa e naturalista <\/span><\/span><\/span><span style=\"color: #000000;\"><span style=\"font-family: 'Times New Roman', serif;\"><span style=\"font-size: large;\"><i><b>Valentina Scaglia<\/b><\/i><\/span><\/span><\/span><span style=\"color: #000000;\"><span style=\"font-family: 'Times New Roman', serif;\"><span style=\"font-size: large;\"> &#8211; sanno regalare sorprendenti angoli selvaggi. Addentrarsi al loro interno vuol dire compiere un viaggio nel passato, tra dolomie e calcari scolpiti nel tempo in forme irreali. E furono questi scampoli di territorio selvaggio ad offrire al mitico <\/span><\/span><\/span><span style=\"color: #000000;\"><span style=\"font-family: 'Times New Roman', serif;\"><span style=\"font-size: large;\"><i><b>Pac\u00ec Paciana <\/b><\/i><\/span><\/span><\/span><span style=\"color: #000000;\"><span style=\"font-family: 'Times New Roman', serif;\"><span style=\"font-size: large;\">un habitat sicuro e immune alle retate della polizia. <\/span><\/span><\/span><span style=\"color: #000000;\"><span style=\"font-family: 'Times New Roman', serif;\"><span style=\"font-size: large;\">Per i valligiani il Paci&#8217; (al secolo Vincenzo Pennacchia), da loro ribattezzo &#8220;ol padru&#8217; d\u00e8la val brembana&#8221;, <\/span><\/span><\/span><i><b> <\/b><\/i><span style=\"color: #000000;\"><span style=\"font-family: 'Times New Roman', serif;\"><span style=\"font-size: large;\">\u00e8 <\/span><\/span><\/span><span style=\"color: #000000;\"><span style=\"font-family: 'Times New Roman', serif;\"><span style=\"font-size: large;\">il simbolo della giustizia, un paladino degli oppressi. Per altri invece era un bandito crudele e spregiudicato. A inizio Ottocento aveva eletto la Val Brembana a scenario delle sue scorrerie, e la sua figura \u00e8 stata consegnata ai posteri ammantata di mistero. Una storia la sua nella quale i confini tra realt\u00e0 e leggenda si confondono, alimentando un mito che oggi trova espressione in diversi ambiti artistici&#8230;<\/span><\/span><\/span><\/p>\n<p>&nbsp;<\/p>\nngg_shortcode_0_placeholder\n","protected":false},"excerpt":{"rendered":"<p>Le Alpi Orobie sono una catena montuosa della Lombardia che si sviluppa per 75 km, nettamente demarcata tra il lago di Como a ovest, il profondo solco della Valtellina a nord e quello della Valcamonica a est. La catena culmina nel Pizzo di Coca (3052 m), al limite tra le province di Sondrio e di &hellip; <a href=\"https:\/\/onderoad.radiopopolare.it\/?p=3845\" class=\"more-link\">Continua a leggere <span class=\"screen-reader-text\">Alpi Orobie<\/span><\/a><\/p>\n","protected":false},"author":2,"featured_media":0,"comment_status":"open","ping_status":"open","sticky":false,"template":"","format":"standard","meta":{"ngg_post_thumbnail":0,"footnotes":""},"categories":[1],"tags":[],"class_list":["post-3845","post","type-post","status-publish","format-standard","hentry","category-uncategorized","without-featured-image"],"_links":{"self":[{"href":"https:\/\/onderoad.radiopopolare.it\/index.php?rest_route=\/wp\/v2\/posts\/3845","targetHints":{"allow":["GET"]}}],"collection":[{"href":"https:\/\/onderoad.radiopopolare.it\/index.php?rest_route=\/wp\/v2\/posts"}],"about":[{"href":"https:\/\/onderoad.radiopopolare.it\/index.php?rest_route=\/wp\/v2\/types\/post"}],"author":[{"embeddable":true,"href":"https:\/\/onderoad.radiopopolare.it\/index.php?rest_route=\/wp\/v2\/users\/2"}],"replies":[{"embeddable":true,"href":"https:\/\/onderoad.radiopopolare.it\/index.php?rest_route=%2Fwp%2Fv2%2Fcomments&post=3845"}],"version-history":[{"count":2,"href":"https:\/\/onderoad.radiopopolare.it\/index.php?rest_route=\/wp\/v2\/posts\/3845\/revisions"}],"predecessor-version":[{"id":3866,"href":"https:\/\/onderoad.radiopopolare.it\/index.php?rest_route=\/wp\/v2\/posts\/3845\/revisions\/3866"}],"wp:attachment":[{"href":"https:\/\/onderoad.radiopopolare.it\/index.php?rest_route=%2Fwp%2Fv2%2Fmedia&parent=3845"}],"wp:term":[{"taxonomy":"category","embeddable":true,"href":"https:\/\/onderoad.radiopopolare.it\/index.php?rest_route=%2Fwp%2Fv2%2Fcategories&post=3845"},{"taxonomy":"post_tag","embeddable":true,"href":"https:\/\/onderoad.radiopopolare.it\/index.php?rest_route=%2Fwp%2Fv2%2Ftags&post=3845"}],"curies":[{"name":"wp","href":"https:\/\/api.w.org\/{rel}","templated":true}]}}