{"id":3823,"date":"2019-07-14T11:04:16","date_gmt":"2019-07-14T10:04:16","guid":{"rendered":"http:\/\/blogs.radiopopolare.it\/onderoad\/?p=3823"},"modified":"2019-07-15T11:13:41","modified_gmt":"2019-07-15T10:13:41","slug":"nervi-la-riviera-di-genova","status":"publish","type":"post","link":"https:\/\/onderoad.radiopopolare.it\/?p=3823","title":{"rendered":"Nervi: la riviera di Genova"},"content":{"rendered":"<p><img loading=\"lazy\" decoding=\"async\" class=\"aligncenter size-large wp-image-3824\" src=\"http:\/\/blogs.radiopopolare.it\/onderoad\/wp-content\/uploads\/2019\/07\/01_La-collina-di-SantIlario-dal-Parco-di-Nervi-800x396.jpg\" alt=\"\" width=\"620\" height=\"307\" srcset=\"https:\/\/onderoad.radiopopolare.it\/wp-content\/uploads\/2019\/07\/01_La-collina-di-SantIlario-dal-Parco-di-Nervi-800x396.jpg 800w, https:\/\/onderoad.radiopopolare.it\/wp-content\/uploads\/2019\/07\/01_La-collina-di-SantIlario-dal-Parco-di-Nervi-768x380.jpg 768w, https:\/\/onderoad.radiopopolare.it\/wp-content\/uploads\/2019\/07\/01_La-collina-di-SantIlario-dal-Parco-di-Nervi.jpg 950w\" sizes=\"auto, (max-width: 620px) 100vw, 620px\" \/><\/p>\n<p>&nbsp;<\/p>\n<p><span style=\"color: #333333;\"><span style=\"font-family: 'Times New Roman', serif;\"><span style=\"font-size: medium;\">Nervi \u00e8 uno scampolo di Genova, nella parte pi\u00f9 orientale della citt\u00e0 e si affaccia su una scogliera lungo la quale si snoda una <\/span><\/span><\/span><span style=\"color: #333333;\"><span style=\"font-family: 'Times New Roman', serif;\"><span style=\"font-size: medium;\">romantica passeggiata di due km intitolata ad Anita Garibaldi.<br \/>\nLe alture a ridosso del mare garantiscono a Nervi un clima particolarmente gradevole, che la rese meta di villeggiatura di tur<\/span><\/span><\/span><span style=\"color: #333333;\"><span style=\"font-family: 'Times New Roman', serif;\"><span style=\"font-size: medium;\">isti facoltosi, provenienti soprattutto dal Nord-Est Europa e dalla Russia, per svernare nei periodi pi\u00f9 freddi e curare la tubercolosi, grazie all\u2019aria di mare. A cavallo dei secoli XVII-XVIII-XIX anche la nobilt\u00e0 genovese e la borghesia scelsero Nervi come zona residenziale, facen<\/span><\/span><\/span><span style=\"color: #333333;\"><span style=\"font-family: 'Times New Roman', serif;\"><span style=\"font-size: medium;\">do edificare magnifiche ville. A testimonianza della Belle \u00c9poque resta anche viale delle Palme con i suoi edifici in stile Liberty. E&#8217; il salotto verde ed elegante di Genova. I Parchi di Nervi, a cui si accede sia dalla passeggiata che dal centro cittadino, occupano una superficie di 92000 metri quadri tra la via Aurelia e il mare e ospitano un centinaio di specie botaniche, tra cui palme e cedri; inoltre ci sono 5 alberi di interesse monumentale, un magnifico roseto (r<\/span><\/span><\/span><span style=\"color: #333333;\"><span style=\"font-family: 'Times New Roman', serif;\"><span style=\"font-size: medium;\">estaurato nel 2012 e suddiviso in aree che raggruppano rose antiche, moderne e da concorso, vanta la presenza di oltre 200 variet\u00e0 di piante) <\/span><\/span><\/span><span style=\"color: #333333;\"><span style=\"font-family: 'Times New Roman', serif;\"><span style=\"font-size: medium;\">e alcuni musei, allestiti dentro a ville storiche, oggi di <strong><a title=\"Parco di Nervi\" href=\"http:\/\/www.visitgenoa.it\/parchi-di-nervi\">propriet\u00e0 comunale<\/a><\/strong>&nbsp;<\/span><\/span><\/span><span style=\"color: #333333;\"><span style=\"font-family: 'Times New Roman', serif;\"><span style=\"font-size: medium;\">. <\/span><\/span><\/span><span style=\"color: #333333;\"><span style=\"font-family: 'Times New Roman', serif;\"><span style=\"font-size: medium;\">La prima villa che si incontra partendo dal centro citt\u00e0 \u00e8 <\/span><\/span><\/span><strong><span style=\"color: #333333;\"><span style=\"font-family: 'Times New Roman', serif;\"><span style=\"font-size: medium;\">Villa Gropallo<\/span><\/span><\/span><\/strong><span style=\"color: #333333;\"><span style=\"font-family: 'Times New Roman', serif;\"><span style=\"font-size: medium;\">: ristrutturata alla met\u00e0 dell\u2019800 dal marchese Gropallo come residenza di campagna, ha ospitato personalit\u00e0 del calibro di Gabriele D&#8217;Annunzio ed Eleonora Duse. Oggi \u00e8 sede della Biblioteca Brocchi e della Stazione dei Carabinieri di Nervi. <\/span><\/span><\/span><span style=\"color: #333333;\"><span style=\"font-family: 'Times New Roman', serif;\"><span style=\"font-size: medium;\">Proseguendo verso est, superato un piccolo ponte di collegamento, si raggiunge&nbsp;<\/span><\/span><\/span><strong><span style=\"color: #333333;\"><span style=\"font-family: 'Times New Roman', serif;\"><span style=\"font-size: medium;\">Villa Saluzzo Serra<\/span><\/span><\/span><\/strong><span style=\"color: #333333;\"><span style=\"font-family: 'Times New Roman', serif;\"><span style=\"font-size: medium;\">. Il complesso, ceduto nel 1927 al Comune, dal 1928 ospita la <\/span><\/span><\/span><strong><span style=\"color: #333333;\"><span style=\"font-family: 'Times New Roman', serif;\"><span style=\"font-size: medium;\">Galleria d\u2019Arte Moderna <\/span><\/span><\/span><\/strong><span style=\"color: #333333;\"><span style=\"font-family: 'Times New Roman', serif;\"><span style=\"font-size: medium;\">della citt\u00e0. La terza villa \u00e8 <\/span><\/span><\/span><strong><span style=\"color: #333333;\"><span style=\"font-family: 'Times New Roman', serif;\"><span style=\"font-size: medium;\">Villa Grimaldi Fassio: <\/span><\/span><\/span><\/strong><span style=\"color: #333333;\"><span style=\"font-family: 'Times New Roman', serif;\"><span style=\"font-size: medium;\">a<\/span><\/span><\/span><span style=\"color: #333333;\"><span style=\"font-family: 'Times New Roman', serif;\"><span style=\"font-size: medium;\">cquistata nel 1956 dall\u2019armatore Ernesto Fassio \u00e8 stata l\u2019ultima ad entrare tra le propriet\u00e0 del Comune. Oggi ospita le pregiate <\/span><\/span><\/span><strong><span style=\"color: #333333;\"><span style=\"font-family: 'Times New Roman', serif;\"><span style=\"font-size: medium;\">Raccolte Frugone<\/span><\/span><\/span><\/strong><span style=\"color: #333333;\"><span style=\"font-family: 'Times New Roman', serif;\"><span style=\"font-size: medium;\">, con sculture e dipinti di diversi artisti italiani ed europei. <\/span><\/span><\/span><span style=\"color: #333333;\"><span style=\"font-family: 'Times New Roman', serif;\"><span style=\"font-size: medium;\">Quest&#8217;estate il Parco sar\u00e0 la cornice del <strong><a title=\"Festival di Nervi\" href=\"https:\/\/www.festivalnervi.it\/\">Festiva di Nervi 2019<\/a><\/strong><\/span><\/span><\/span><span style=\"color: #333333;\"><span style=\"font-family: 'Times New Roman', serif;\"><span style=\"font-size: medium;\">.<\/span><\/span><\/span><\/p>\n<p><span style=\"color: #0000ff;\"><span style=\"font-family: 'Times New Roman', serif;\"><span style=\"font-size: medium;\"><u>www.visitgenoa.it<\/u><\/span><\/span><\/span><\/p>\n<p><span style=\"color: #0000ff;\"><span style=\"font-family: 'Times New Roman', serif;\"><span style=\"font-size: medium;\"><u>www.genovamorethanthisblog.it<\/u><\/span><\/span><\/span><\/p>\nngg_shortcode_0_placeholder\n<p>&nbsp;<\/p>\n","protected":false},"excerpt":{"rendered":"<p>&nbsp; Nervi \u00e8 uno scampolo di Genova, nella parte pi\u00f9 orientale della citt\u00e0 e si affaccia su una scogliera lungo la quale si snoda una romantica passeggiata di due km intitolata ad Anita Garibaldi. Le alture a ridosso del mare garantiscono a Nervi un clima particolarmente gradevole, che la rese meta di villeggiatura di turisti &hellip; <a href=\"https:\/\/onderoad.radiopopolare.it\/?p=3823\" class=\"more-link\">Continua a leggere <span class=\"screen-reader-text\">Nervi: la riviera di Genova<\/span><\/a><\/p>\n","protected":false},"author":2,"featured_media":0,"comment_status":"open","ping_status":"open","sticky":false,"template":"","format":"standard","meta":{"ngg_post_thumbnail":0,"footnotes":""},"categories":[1],"tags":[],"class_list":["post-3823","post","type-post","status-publish","format-standard","hentry","category-uncategorized","without-featured-image"],"_links":{"self":[{"href":"https:\/\/onderoad.radiopopolare.it\/index.php?rest_route=\/wp\/v2\/posts\/3823","targetHints":{"allow":["GET"]}}],"collection":[{"href":"https:\/\/onderoad.radiopopolare.it\/index.php?rest_route=\/wp\/v2\/posts"}],"about":[{"href":"https:\/\/onderoad.radiopopolare.it\/index.php?rest_route=\/wp\/v2\/types\/post"}],"author":[{"embeddable":true,"href":"https:\/\/onderoad.radiopopolare.it\/index.php?rest_route=\/wp\/v2\/users\/2"}],"replies":[{"embeddable":true,"href":"https:\/\/onderoad.radiopopolare.it\/index.php?rest_route=%2Fwp%2Fv2%2Fcomments&post=3823"}],"version-history":[{"count":2,"href":"https:\/\/onderoad.radiopopolare.it\/index.php?rest_route=\/wp\/v2\/posts\/3823\/revisions"}],"predecessor-version":[{"id":3844,"href":"https:\/\/onderoad.radiopopolare.it\/index.php?rest_route=\/wp\/v2\/posts\/3823\/revisions\/3844"}],"wp:attachment":[{"href":"https:\/\/onderoad.radiopopolare.it\/index.php?rest_route=%2Fwp%2Fv2%2Fmedia&parent=3823"}],"wp:term":[{"taxonomy":"category","embeddable":true,"href":"https:\/\/onderoad.radiopopolare.it\/index.php?rest_route=%2Fwp%2Fv2%2Fcategories&post=3823"},{"taxonomy":"post_tag","embeddable":true,"href":"https:\/\/onderoad.radiopopolare.it\/index.php?rest_route=%2Fwp%2Fv2%2Ftags&post=3823"}],"curies":[{"name":"wp","href":"https:\/\/api.w.org\/{rel}","templated":true}]}}