{"id":3700,"date":"2019-04-21T10:29:51","date_gmt":"2019-04-21T09:29:51","guid":{"rendered":"http:\/\/blogs.radiopopolare.it\/onderoad\/?p=3700"},"modified":"2019-05-07T13:58:17","modified_gmt":"2019-05-07T12:58:17","slug":"valle-ditria","status":"publish","type":"post","link":"https:\/\/onderoad.radiopopolare.it\/?p=3700","title":{"rendered":"Valle d&#8217;Itria"},"content":{"rendered":"<p><img loading=\"lazy\" decoding=\"async\" class=\"aligncenter size-large wp-image-3701\" src=\"http:\/\/blogs.radiopopolare.it\/onderoad\/wp-content\/uploads\/2019\/04\/01_Valle-dItria-800x400.jpg\" alt=\"\" width=\"620\" height=\"310\" srcset=\"https:\/\/onderoad.radiopopolare.it\/wp-content\/uploads\/2019\/04\/01_Valle-dItria-800x400.jpg 800w, https:\/\/onderoad.radiopopolare.it\/wp-content\/uploads\/2019\/04\/01_Valle-dItria-768x384.jpg 768w, https:\/\/onderoad.radiopopolare.it\/wp-content\/uploads\/2019\/04\/01_Valle-dItria-760x380.jpg 760w, https:\/\/onderoad.radiopopolare.it\/wp-content\/uploads\/2019\/04\/01_Valle-dItria.jpg 1200w\" sizes=\"auto, (max-width: 620px) 100vw, 620px\" \/><\/p>\n<p>&nbsp;<\/p>\n<p>La Valle d&#8217;Itria accoglie il visitatore con distese di ulivi senza eguali (*), alberi nati da una terra rossa che profuma e rende il panorama un susseguirsi di effetti cromatici meravigliosi. E&#8217; la meta ideale di un turismo lento, che consenta di entrare anche spiritualmente in contatto con il territorio. Spiritualit\u00e0 che ha uno dei suoi &#8216;templi&#8217; nel <a href=\"https:\/\/www.bholebabaji.it\/\"><strong>Centro Bhole Baba<\/strong><\/a>, un ashram aperto quarant&#8217;anni fa sulla collina di contrada Portarino, appena fuori Cisternino, grazie all&#8217;impegno di alcuni devoti del maestro indiano Mahavatar Babaji. Qui abbiamo incontrato <strong>Shiva Das<\/strong>, che ci ha raccontato il percorso con cui un proto hippie veneto innamorato dell&#8217;India \u00e8 diventato un Baba. L&#8217;ashram oggi fa bella mostra di s\u00e9 tra trulli e muretti a secco bianco latte. Muretti che delimitano appezzamenti agricoli su cui ieri si spaccavano la schiena contadini pugliesi, oggi rimpiazzati dagli immigrati dal sud del mondo. Una quotidianit\u00e0 che ha partorito una cultura contadina che si \u00e8 (e si deve) misurare spesso con una miseria profonda. Un universo che <strong>Matteo Salvatore<\/strong>, l\u2019ultimo cantastorie di una terra generosa e allo stesso tempo avida, ha raccontato nelle sue canzoni. Considerato un maestro e apprezzato da artisti come Renzo Arbore e Vinicio Capossela, Matteo Salvatore \u00e8 stato protagonista di una vita rocambolesca e tragica e i suoi brani risuonano tutt\u2019oggi nell\u2019immaginario collettivo popolare. \u201cLe parole di Matteo Salvatore noi le dobbiamo ancora inventare\u201d: ha sentenziato lo scrittore <strong>Italo Calvino<\/strong>. La cucina pugliese, da parte sua, ha trasformato in tesori gastronomici quello che i contadini hanno saputo ricavare dalla terra di Puglia e Mimmo Lo Puzzo, del ristorante <strong>Le Chicche di zia Rosa<\/strong> (Via Tarantini 6, Cisternino) ci presenta alcuni di questi tesori. Un tour gastronomico che continua, sempre a Cisternino in un <a href=\"https:\/\/panificioalvecchioforno.com\/\">panificio a legna<\/a> vecchio di 200 anni, al Caseificio Conte, al frantoio D&#8217;Amico (Contrada Tesoro 25, Strada Provinciale 17) e nella pasticceria Palazzo (Corso Umberto I, 1). Per smaltire il tutto niente di meglio che una partita con gli anziani del paese a <strong>Spacca Chiange<\/strong> (spacca pietra), uno sport tradizionale praticato tutte le mattine, da oltre 100 anni, in piazza Garibaldi. Ancora pi\u00f9 &#8216;antiche&#8217; le piante che troviamo al Conservatorio Botanico <a href=\"https:\/\/www.igiardinidipomona.it\/\">I giardini di Pomona<\/a>. E&#8217; un frutteto dove la biodiversit\u00e0 gemma nelle mille e pi\u00f9 &#8211; letteralmente &#8211; variet\u00e0 di piante da frutto antiche provenienti da tutto il mondo, molte delle quali salvate dall\u2019estinzione. <a href=\"https:\/\/www.cooperativaserapia.it\/\"><strong>La cooperativa Serapia<\/strong><\/a> invece organizza delle escursioni in bicicletta nel <a href=\"http:\/\/parcodunecostiere.org\/newsite\/ita\/index.php\"><strong>Parco Regionale delle Dune Costiere<\/strong><\/a>, tra masserie e ulivi millenari. Per tirare il fiato niente di meglio che un concerto al <a href=\"https:\/\/www.locusfestival.it\/site\/\"><strong>Locusfestival<\/strong><\/a> a <strong>Locorotondo<\/strong>, uno degli eventi pi\u00f9 importanti dell&#8217;estate pugliese (27 luglio &#8211; 14 agosto).<\/p>\n<p>&nbsp;<\/p>\nngg_shortcode_0_placeholder\n<p>&nbsp;<\/p>\n<p>Ulteriori info e fotofografie sul blog <a href=\"http:\/\/oltreilbalcone.com\">Oltre il Balcone<\/a>.<\/p>\n<p>(*) &#8220;&#8230; distese di ulivi senza eguali&#8230;&#8221; che per\u00f2 sono minacciati dalla Xylella e dal maltempo. Per fare un punto della situazione: <a href=\"https:\/\/www.ilpost.it\/2019\/03\/24\/olio-d-oliva-italia-mercato\/\">clicca qui<\/a>.<\/p>\n","protected":false},"excerpt":{"rendered":"<p>&nbsp; La Valle d&#8217;Itria accoglie il visitatore con distese di ulivi senza eguali (*), alberi nati da una terra rossa che profuma e rende il panorama un susseguirsi di effetti cromatici meravigliosi. E&#8217; la meta ideale di un turismo lento, che consenta di entrare anche spiritualmente in contatto con il territorio. Spiritualit\u00e0 che ha uno &hellip; <a href=\"https:\/\/onderoad.radiopopolare.it\/?p=3700\" class=\"more-link\">Continua a leggere <span class=\"screen-reader-text\">Valle d&#8217;Itria<\/span><\/a><\/p>\n","protected":false},"author":2,"featured_media":0,"comment_status":"open","ping_status":"open","sticky":false,"template":"","format":"standard","meta":{"ngg_post_thumbnail":0,"footnotes":""},"categories":[1],"tags":[],"class_list":["post-3700","post","type-post","status-publish","format-standard","hentry","category-uncategorized","without-featured-image"],"_links":{"self":[{"href":"https:\/\/onderoad.radiopopolare.it\/index.php?rest_route=\/wp\/v2\/posts\/3700","targetHints":{"allow":["GET"]}}],"collection":[{"href":"https:\/\/onderoad.radiopopolare.it\/index.php?rest_route=\/wp\/v2\/posts"}],"about":[{"href":"https:\/\/onderoad.radiopopolare.it\/index.php?rest_route=\/wp\/v2\/types\/post"}],"author":[{"embeddable":true,"href":"https:\/\/onderoad.radiopopolare.it\/index.php?rest_route=\/wp\/v2\/users\/2"}],"replies":[{"embeddable":true,"href":"https:\/\/onderoad.radiopopolare.it\/index.php?rest_route=%2Fwp%2Fv2%2Fcomments&post=3700"}],"version-history":[{"count":3,"href":"https:\/\/onderoad.radiopopolare.it\/index.php?rest_route=\/wp\/v2\/posts\/3700\/revisions"}],"predecessor-version":[{"id":3747,"href":"https:\/\/onderoad.radiopopolare.it\/index.php?rest_route=\/wp\/v2\/posts\/3700\/revisions\/3747"}],"wp:attachment":[{"href":"https:\/\/onderoad.radiopopolare.it\/index.php?rest_route=%2Fwp%2Fv2%2Fmedia&parent=3700"}],"wp:term":[{"taxonomy":"category","embeddable":true,"href":"https:\/\/onderoad.radiopopolare.it\/index.php?rest_route=%2Fwp%2Fv2%2Fcategories&post=3700"},{"taxonomy":"post_tag","embeddable":true,"href":"https:\/\/onderoad.radiopopolare.it\/index.php?rest_route=%2Fwp%2Fv2%2Ftags&post=3700"}],"curies":[{"name":"wp","href":"https:\/\/api.w.org\/{rel}","templated":true}]}}