{"id":363,"date":"2012-04-07T14:00:00","date_gmt":"2012-04-07T13:00:00","guid":{"rendered":"http:\/\/blogs.radiopopolare.it\/onderoad\/?p=363"},"modified":"2012-09-16T12:55:34","modified_gmt":"2012-09-16T11:55:34","slug":"malaga","status":"publish","type":"post","link":"https:\/\/onderoad.radiopopolare.it\/?p=363","title":{"rendered":"Malaga"},"content":{"rendered":"<p style=\"text-align: justify;\">Le processioni iniziano la domenica delle palme, quando ce ne sono in programma ben otto (ma anche gli altri giorni della Settimana Santa non scherzano: 6 processioni il luned\u00ec e il marted\u00ec, sette il mercoled\u00ec e il gioved\u00ec, e addirittura otto il venerd\u00ec santo). Ore di marcia che centinaia di \u2018nazareni\u2019 seguono indossando lunghe tuniche e il caratteristico lungo cappello a cono, il \u2018capirote\u2019. Ogni confraternita ha la sua peculiarit\u00e0. Quella di &#8216;Huerto&#8217; sul suo trono issa un ulivo vero, di considerevoli dimensioni. Quella &#8216;Gitanos&#8217; accoglie dei rom che cantano e ballano. Al contrario la confraternita dei salesiani cammina in silenzio. La Madonna della confrternita della &#8216;Penas&#8217; dagli anni Quaranta veste un abito fatto di fiori. La processione della &#8216;Esperanza&#8217; invece \u00e8 preceduta da un camion che tappezza il cammino di rosmarino, in modo che tronisti e i nazareni si trovino a camminare su un tappeto profumato. Peculiarit\u00e0 della &#8216;Paloma&#8217; \u00e8 che una colomba bianca si posi durante la processione sul trono della Madonna. E&#8217; per questo che decine di colombe vengono liberate in Placia de la Constituci\u00f2n, con il risultato che anche quest&#8217;anno una si \u00e8 posata l\u00e0 dove la folla voleva si posasse. Chi non sfila per strada assiste come spettatore. Anche il malague\u00f1o pi\u00f9 laico non si astiene dal farlo. Le modalit\u00e0 sono variegate. Qualcuno si accomoda sulla costosa tribuna d&#8217;onore di Pla\u00e7a della Consitution, molti si accontentano della <em>tribuna de los pobres<\/em>, la lunga scalinata appoggiata al lungofiume che costa solo la fatica di accaparrarsi un buon posto. Molti affittano una sedia nei luoghi topici delle processioni, ma ancora di pi\u00f9 si portano da casa uno sgabellino pieghevole da spiaggia. Entrambi sono equipaggiati con sacchetti di plastica con cibi e bevande da far fuori nei lunghi momenti morti. Chi vuole mettere le gambe sotto un tavolo di un ristorante che si affaccia lungo il percorso delle processioni deve deciderlo con ampio anticipo: le prenotazioni vanno fatte con mesi di anticipo, perche in fondo le processioni sono l\u2019ennesima scusa che gli spagnoli si sono inventati <em>para gozar<\/em>.<\/p>\n<h3 style=\"text-align: justify;\">Link utili:<\/h3>\n<p style=\"text-align: justify;\"><a href=\"http:\/\/www.spain.info\/it\">spain.info<\/a> &#8211; <a href=\"http:\/\/www.visitacostadelsol.com\">visitacostadelsol.com <\/a>&#8211; <a href=\"http:\/\/www.semana-santa-malaga.com\">Settimana Santa<\/a> &#8211; <a href=\"http:\/\/www.mssmalaga.es\">Museo della Settimana Santa<\/a> &#8211; <a href=\"http:\/\/www.museopicassomalaga.org\">Museo Picasso<\/a><\/p>\nngg_shortcode_0_placeholder\n<p>&nbsp;<\/p>\n<h3>Ascolta il podcast: <\/h3>\n","protected":false},"excerpt":{"rendered":"<p>Le processioni iniziano la domenica delle palme, quando ce ne sono in programma ben otto (ma anche gli altri giorni della Settimana Santa non scherzano: 6 processioni il luned\u00ec e il marted\u00ec, sette il mercoled\u00ec e il gioved\u00ec, e addirittura otto il venerd\u00ec santo). Ore di marcia che centinaia di \u2018nazareni\u2019 seguono indossando lunghe tuniche &hellip; <a href=\"https:\/\/onderoad.radiopopolare.it\/?p=363\" class=\"more-link\">Continua a leggere <span class=\"screen-reader-text\">Malaga<\/span><\/a><\/p>\n","protected":false},"author":2,"featured_media":0,"comment_status":"open","ping_status":"open","sticky":false,"template":"","format":"standard","meta":{"ngg_post_thumbnail":0,"footnotes":""},"categories":[1],"tags":[],"class_list":["post-363","post","type-post","status-publish","format-standard","hentry","category-uncategorized","without-featured-image"],"_links":{"self":[{"href":"https:\/\/onderoad.radiopopolare.it\/index.php?rest_route=\/wp\/v2\/posts\/363","targetHints":{"allow":["GET"]}}],"collection":[{"href":"https:\/\/onderoad.radiopopolare.it\/index.php?rest_route=\/wp\/v2\/posts"}],"about":[{"href":"https:\/\/onderoad.radiopopolare.it\/index.php?rest_route=\/wp\/v2\/types\/post"}],"author":[{"embeddable":true,"href":"https:\/\/onderoad.radiopopolare.it\/index.php?rest_route=\/wp\/v2\/users\/2"}],"replies":[{"embeddable":true,"href":"https:\/\/onderoad.radiopopolare.it\/index.php?rest_route=%2Fwp%2Fv2%2Fcomments&post=363"}],"version-history":[{"count":6,"href":"https:\/\/onderoad.radiopopolare.it\/index.php?rest_route=\/wp\/v2\/posts\/363\/revisions"}],"predecessor-version":[{"id":476,"href":"https:\/\/onderoad.radiopopolare.it\/index.php?rest_route=\/wp\/v2\/posts\/363\/revisions\/476"}],"wp:attachment":[{"href":"https:\/\/onderoad.radiopopolare.it\/index.php?rest_route=%2Fwp%2Fv2%2Fmedia&parent=363"}],"wp:term":[{"taxonomy":"category","embeddable":true,"href":"https:\/\/onderoad.radiopopolare.it\/index.php?rest_route=%2Fwp%2Fv2%2Fcategories&post=363"},{"taxonomy":"post_tag","embeddable":true,"href":"https:\/\/onderoad.radiopopolare.it\/index.php?rest_route=%2Fwp%2Fv2%2Ftags&post=363"}],"curies":[{"name":"wp","href":"https:\/\/api.w.org\/{rel}","templated":true}]}}