{"id":3446,"date":"2018-12-02T11:44:52","date_gmt":"2018-12-02T10:44:52","guid":{"rendered":"http:\/\/blogs.radiopopolare.it\/onderoad\/?p=3446"},"modified":"2018-12-14T15:47:42","modified_gmt":"2018-12-14T14:47:42","slug":"onde-road-utrecht","status":"publish","type":"post","link":"https:\/\/onderoad.radiopopolare.it\/?p=3446","title":{"rendered":"Pedalando a Utrecht"},"content":{"rendered":"<p><img loading=\"lazy\" decoding=\"async\" class=\"aligncenter size-full wp-image-3447\" src=\"http:\/\/blogs.radiopopolare.it\/onderoad\/wp-content\/uploads\/2018\/12\/01_Canali-di-Utrecht.jpg\" alt=\"\" width=\"770\" height=\"498\" srcset=\"https:\/\/onderoad.radiopopolare.it\/wp-content\/uploads\/2018\/12\/01_Canali-di-Utrecht.jpg 770w, https:\/\/onderoad.radiopopolare.it\/wp-content\/uploads\/2018\/12\/01_Canali-di-Utrecht-768x497.jpg 768w, https:\/\/onderoad.radiopopolare.it\/wp-content\/uploads\/2018\/12\/01_Canali-di-Utrecht-588x380.jpg 588w\" sizes=\"auto, (max-width: 770px) 100vw, 770px\" \/><\/p>\n<p>&nbsp;<\/p>\n<p><span style=\"font-family: 'Times New Roman', serif;\"><span style=\"font-size: large;\">Il fatto che appena sbarcato dal treno a Utrecht una delle prime cose che balzano agli occhi sia una grande moschea non \u00e8 casuale. Utrecht \u00e8 una citt\u00e0 meticcia: dei suoi 350mila abitanti il 20% \u00e8 di origine straniera. E&#8217; anche una citt\u00e0 giovane, perch\u00e9 un altro 20% \u00e8 composto da studenti che frequentano le universit\u00e0 cittadine. Citt\u00e0 giovane e meticcia, ma carica di storia. Per capirlo basta imbarcarsi su uno dei battelli che solcano i <\/span><\/span><span style=\"font-family: 'Times New Roman', serif;\"><span style=\"font-size: large;\"><i><b>canali<\/b><\/i><\/span><\/span><span style=\"font-family: 'Times New Roman', serif;\"><span style=\"font-size: large;\"> cittadini, oppure cavalcando una bicicletta. <\/span><\/span><span style=\"font-family: 'Times New Roman', serif;\"><span style=\"font-size: large;\">In citt\u00e0, su 345mila abitanti, sono pi\u00f9 di 125mila le persone che l&#8217;attraversano su due ruote sfruttando i 300 km di piste ciclabili urbane. La CNN l&#8217;ha definita la migliore citt\u00e0 al mondo per chi ama spostarsi sfrecciando in bici: in alcune strade le <\/span><\/span><span style=\"font-family: 'Times New Roman', serif;\"><span style=\"font-size: large;\"><i><b>piste ciclabili<\/b><\/i><\/span><\/span><span style=\"font-family: 'Times New Roman', serif;\"><span style=\"font-size: large;\"> sono addirittura pi\u00f9 grandi di quelle per lo scorrimento delle macchine. <\/span><\/span><span style=\"color: #000000;\"><span style=\"font-family: 'Times New Roman', serif;\"><span style=\"font-size: large;\">Utrecht vanta persino <\/span><\/span><\/span><strong><span style=\"color: #000000;\"><span style=\"font-family: 'Times New Roman', serif;\"><span style=\"font-size: large;\">un servizio di \u201conda verde\u201d per i ciclisti e vanta <\/span><\/span><\/span><\/strong><span style=\"font-family: 'Times New Roman', serif;\"><span style=\"font-size: large;\">il pi\u00f9 grande parcheggio coperto di bici<\/span><\/span><i> <\/i><span style=\"color: #000000;\"><span style=\"font-family: 'Times New Roman', serif;\"><span style=\"font-size: large;\">al mondo. Si trova sotto la stazione centrale. E&#8217; stato inaugurato (dopo quattro anni di lavori) l&#8217;agosto dello scorso anno e attualmente pu\u00f2 ospitar pi\u00f9 di 12.500 <\/span><\/span><\/span><span style=\"color: #000000;\"><span style=\"font-family: 'Times New Roman', serif;\"><span style=\"font-size: large;\"><i><b>biciclette<\/b><\/i><\/span><\/span><\/span><span style=\"color: #000000;\"><span style=\"font-family: 'Times New Roman', serif;\"><span style=\"font-size: large;\"> ma entro il 2020 nei pressi della stazione centrale troveranno spazio <\/span><\/span><\/span><strong><span style=\"color: #000000;\"><span style=\"font-family: 'Times New Roman', serif;\"><span style=\"font-size: large;\">pi\u00f9 di 33.000 bici<\/span><\/span><\/span><\/strong><span style=\"color: #000000;\"><span style=\"font-family: 'Times New Roman', serif;\"><span style=\"font-size: large;\">. Pedalando si incrociano numerosi palazzi sto<\/span><\/span><\/span><span style=\"color: #000000;\"><span style=\"font-family: 'Times New Roman', serif;\"><span style=\"font-size: large;\">rici che, in una citt\u00e0 promiscua come Utrecht, hanno usi non convenzionali. Per esempio <\/span><\/span><\/span><span style=\"color: #111111;\"><span style=\"font-family: 'Times New Roman', serif;\"><span style=\"font-size: large;\">i<\/span><\/span><\/span><span style=\"color: #000000;\"><span style=\"font-family: 'Times New Roman', serif;\"><span style=\"font-size: large;\">l <\/span><\/span><\/span><strong><span style=\"color: #000000;\"><span style=\"font-family: 'Times New Roman', serif;\"><span style=\"font-size: large;\"><i><b>Caf\u00e8 Olivier <\/b><\/i><\/span><\/span><\/span><\/strong><span style=\"color: #000000;\"><span style=\"font-family: 'Times New Roman', serif;\"><span style=\"font-size: large;\">(<\/span><\/span><\/span><span style=\"font-size: large;\"><a href=\"https:\/\/cafe-olivier.be\/\"><span style=\"color: #0000cc;\"><span style=\"font-family: 'Times New Roman', serif;\">cafe-olivier.be<\/span><\/span><\/a><\/span><span style=\"color: #000000;\"><span style=\"font-family: 'Times New Roman', serif;\"><span style=\"font-size: large;\">) <\/span><\/span><\/span><i><b> <\/b><\/i><span style=\"color: #000000;\"><span style=\"font-family: 'Times New Roman', serif;\"><span style=\"font-size: large;\">\u00e8 ospitato in <\/span><\/span><\/span><strong><span style=\"color: #000000;\"><span style=\"font-family: 'Times New Roman', serif;\"><span style=\"font-size: large;\">una antica chiesa ormai sconsacrata<\/span><\/span><\/span><\/strong><span style=\"color: #000000;\"><span style=\"font-family: 'Times New Roman', serif;\"><span style=\"font-size: large;\">, ma ancora perfettamente conservata nel suo aspetto originario: ottime birre belghe da degustare tra gli stalli del coro e un organo a canne. Mentre<\/span><\/span><\/span><span style=\"color: #000000;\"><span style=\"font-family: 'Times New Roman', serif;\"><span style=\"font-size: large;\"> la <\/span><\/span><\/span><span style=\"color: #000000;\"><span style=\"font-family: 'Times New Roman', serif;\"><span style=\"font-size: large;\"><i><b>Janskerk <\/b><\/i><\/span><\/span><\/span><span style=\"color: #000000;\"><span style=\"font-family: 'Times New Roman', serif;\"><span style=\"font-size: large;\">(<\/span><\/span><\/span><span style=\"font-size: large;\"><a href=\"http:\/\/janskerk-utrecht.nl\"><span style=\"color: #0000cc;\"><span style=\"font-family: 'Times New Roman', serif;\">janskerk-utrecht.nl<\/span><\/span><\/a><\/span><span style=\"color: #000000;\"><span style=\"font-family: 'Times New Roman', serif;\"><span style=\"font-size: large;\">)<\/span><\/span><\/span><span style=\"color: #000000;\"><span style=\"font-family: 'Times New Roman', serif;\"><span style=\"font-size: large;\">, la chiesa di San Giovanni, famosa perch\u00e8 a pochi metri dal suo ingresso ospita una statua che ricorda <\/span><\/span><\/span><span style=\"color: #000000;\"><span style=\"font-family: 'Times New Roman', serif;\"><span style=\"font-size: large;\"><i><b>Anna Frank<\/b><\/i><\/span><\/span><\/span><span style=\"color: #000000;\"><span style=\"font-family: 'Times New Roman', serif;\"><span style=\"font-size: large;\">, ospita concerti, ma anche degustazione di vini. Se passeggiando, dopo aver bevuto un paio di bicchieri, incrociate un tagliapietra che aggiunge un sanpietrino con una lettera incisa convinto che sta componendo quella che un giorno sar\u00e0 la poesia pi\u00f9 lunga del mondo, tranquillizzatevi: lui non \u00e8 pazzo e voi non siete ubriachi. <\/span><\/span><\/span><span style=\"color: #000000;\"><span style=\"font-family: 'Times New Roman', serif;\"><span style=\"font-size: large;\">E&#8217; una creazione collettiva ideata dall\u2019associazione <\/span><\/span><\/span><span style=\"color: #000000;\"><span style=\"font-family: 'Times New Roman', serif;\"><span style=\"font-size: large;\"><i><b>Sichting letters van Utrecht <\/b><\/i><\/span><\/span><\/span><span style=\"color: #000000;\"><span style=\"font-family: 'Times New Roman', serif;\"><span style=\"font-size: large;\">(<\/span><\/span><\/span><span style=\"font-size: large;\"><a href=\"https:\/\/www.delettersvanutrecht.nl\/\"><span style=\"color: #0000cc;\"><span style=\"font-family: 'Times New Roman', serif;\">delettersvanutrecht.nl<\/span><\/span><\/a><\/span><span style=\"color: #000000;\"><span style=\"font-family: 'Times New Roman', serif;\"><span style=\"font-size: large;\">)<\/span><\/span><\/span><span style=\"color: #000080;\"><span lang=\"zxx\"><span style=\"color: #000000;\"><span style=\"font-family: 'Times New Roman', serif;\"><span style=\"font-size: large;\">: l<\/span><\/span><\/span><\/span><\/span><span style=\"color: #000000;\"><span style=\"font-family: 'Times New Roman', serif;\"><span style=\"font-size: large;\">\u2019idea alla base \u00e8 quella di un filo rosso che unisca le generazioni attraverso una poesia le cui lettere sono incise su sampietrini. Tutti possono partecipare, acquistando una lettera della misteriosa composizione i cui versi vengono continuamente rinnovati dai poeti della citt\u00e0. Nessuno vedr\u00e0 mai completata l\u2019opera, ma quel che conta \u00e8 che il legame fra passato e presente sar\u00e0 inossidabile come la pietra\u2026<\/span><\/span><\/span><span style=\"color: #000000;\"><span style=\"font-family: 'Times New Roman', serif;\"><span style=\"font-size: large;\"> Pura poesia \u00e8 anche la casa che <\/span><\/span><\/span><span style=\"color: #000000;\"><span style=\"font-family: 'Times New Roman', serif;\"><span style=\"font-size: large;\"><i><b>Gerrit Rietveld<\/b><\/i><\/span><\/span><\/span><span style=\"color: #000000;\"><span style=\"font-family: 'Times New Roman', serif;\"><span style=\"font-size: large;\"> e <\/span><\/span><\/span><span style=\"color: #000000;\"><span style=\"font-family: 'Times New Roman', serif;\"><span style=\"font-size: large;\"><i><b>Truus Schr\u00f6der<\/b><\/i><\/span><\/span><\/span><span style=\"color: #000000;\"><span style=\"font-family: 'Times New Roman', serif;\"><span style=\"font-size: large;\"> (<\/span><\/span><\/span><span style=\"font-size: large;\"><a href=\"https:\/\/www.rietveldschroderhuis.nl\/en\"><span style=\"color: #0000cc;\"><span style=\"font-family: 'Times New Roman', serif;\">rietveldschroderhuis.nl\/en<\/span><\/span><\/a><\/span><span style=\"color: #000000;\"><span style=\"font-family: 'Times New Roman', serif;\"><span style=\"font-size: large;\">) costruirono ai margini della citt\u00e0 nel 1924. Lui era un designer che con i legnetti trovati nei giardini e nei boschi circostanti alla sua abitazione costruiva sin da bambino giocattoli o piccoli mobili. Lei era una <\/span><\/span><\/span><span style=\"font-family: 'Times New Roman', serif;\"><span style=\"font-size: large;\">ragazza ribelle, prima giovane e benestante moglie di un avvocato piuttosto conservatore, e poi dal 1923 inquieta vedeva con tre figli, desiderosa di cavalcare i venti della diversit\u00e0. Insieme hanno realizzato una casa che stupisce anche oggi&#8230;<\/span><\/span><\/p>\nngg_shortcode_0_placeholder\n<p>&nbsp;<\/p>\n<p><a href=\"https:\/\/www.visit-utrecht.com\/\"><i>visit-utrecht.com<\/i><\/a><\/p>\n<p><a href=\"https:\/\/www.holland.com\/it\/turismo.htm\"><i>holland.com<\/i><\/a><\/p>\n","protected":false},"excerpt":{"rendered":"<p>&nbsp; Il fatto che appena sbarcato dal treno a Utrecht una delle prime cose che balzano agli occhi sia una grande moschea non \u00e8 casuale. Utrecht \u00e8 una citt\u00e0 meticcia: dei suoi 350mila abitanti il 20% \u00e8 di origine straniera. E&#8217; anche una citt\u00e0 giovane, perch\u00e9 un altro 20% \u00e8 composto da studenti che frequentano &hellip; <a href=\"https:\/\/onderoad.radiopopolare.it\/?p=3446\" class=\"more-link\">Continua a leggere <span class=\"screen-reader-text\">Pedalando a Utrecht<\/span><\/a><\/p>\n","protected":false},"author":2,"featured_media":0,"comment_status":"open","ping_status":"open","sticky":false,"template":"","format":"standard","meta":{"ngg_post_thumbnail":0,"footnotes":""},"categories":[1],"tags":[],"class_list":["post-3446","post","type-post","status-publish","format-standard","hentry","category-uncategorized","without-featured-image"],"_links":{"self":[{"href":"https:\/\/onderoad.radiopopolare.it\/index.php?rest_route=\/wp\/v2\/posts\/3446","targetHints":{"allow":["GET"]}}],"collection":[{"href":"https:\/\/onderoad.radiopopolare.it\/index.php?rest_route=\/wp\/v2\/posts"}],"about":[{"href":"https:\/\/onderoad.radiopopolare.it\/index.php?rest_route=\/wp\/v2\/types\/post"}],"author":[{"embeddable":true,"href":"https:\/\/onderoad.radiopopolare.it\/index.php?rest_route=\/wp\/v2\/users\/2"}],"replies":[{"embeddable":true,"href":"https:\/\/onderoad.radiopopolare.it\/index.php?rest_route=%2Fwp%2Fv2%2Fcomments&post=3446"}],"version-history":[{"count":4,"href":"https:\/\/onderoad.radiopopolare.it\/index.php?rest_route=\/wp\/v2\/posts\/3446\/revisions"}],"predecessor-version":[{"id":3469,"href":"https:\/\/onderoad.radiopopolare.it\/index.php?rest_route=\/wp\/v2\/posts\/3446\/revisions\/3469"}],"wp:attachment":[{"href":"https:\/\/onderoad.radiopopolare.it\/index.php?rest_route=%2Fwp%2Fv2%2Fmedia&parent=3446"}],"wp:term":[{"taxonomy":"category","embeddable":true,"href":"https:\/\/onderoad.radiopopolare.it\/index.php?rest_route=%2Fwp%2Fv2%2Fcategories&post=3446"},{"taxonomy":"post_tag","embeddable":true,"href":"https:\/\/onderoad.radiopopolare.it\/index.php?rest_route=%2Fwp%2Fv2%2Ftags&post=3446"}],"curies":[{"name":"wp","href":"https:\/\/api.w.org\/{rel}","templated":true}]}}