{"id":3043,"date":"2018-05-25T16:27:32","date_gmt":"2018-05-25T15:27:32","guid":{"rendered":"http:\/\/blogs.radiopopolare.it\/onderoad\/?p=3043"},"modified":"2018-06-22T15:37:37","modified_gmt":"2018-06-22T14:37:37","slug":"salvador-de-bahia-il-cuore-afro-del-brasile","status":"publish","type":"post","link":"https:\/\/onderoad.radiopopolare.it\/?p=3043","title":{"rendered":"Salvador de Bahia : il cuore afro del Brasile"},"content":{"rendered":"<p><img loading=\"lazy\" decoding=\"async\" class=\"aligncenter size-large wp-image-3066\" src=\"http:\/\/blogs.radiopopolare.it\/onderoad\/wp-content\/uploads\/2018\/05\/FAROL-DA-BARRA-800x600.jpg\" alt=\"\" width=\"620\" height=\"465\" srcset=\"https:\/\/onderoad.radiopopolare.it\/wp-content\/uploads\/2018\/05\/FAROL-DA-BARRA-800x600.jpg 800w, https:\/\/onderoad.radiopopolare.it\/wp-content\/uploads\/2018\/05\/FAROL-DA-BARRA-768x576.jpg 768w, https:\/\/onderoad.radiopopolare.it\/wp-content\/uploads\/2018\/05\/FAROL-DA-BARRA-507x380.jpg 507w\" sizes=\"auto, (max-width: 620px) 100vw, 620px\" \/><\/p>\n<p>Un viaggio dentro il cuore del samba e della tradizione afrobrasiliana:&nbsp;<b>Salvador de Bahia<\/b>.&nbsp;<b>Monica Paes<\/b>&nbsp;e&nbsp;<b>Ira Rubini<\/b>&nbsp;compongono un diario (quasi) cronologico del percorso compiuto con un gruppo di fantastici ascoltatori di&nbsp;<b>Radio Popolare<\/b>&nbsp;alla scoperta del Brasile pi\u00f9 autentico e contemporaneo, sotto la guida irresistibile d<b>i&nbsp;<\/b><b>Miriam da Silva.<\/b><\/p>\n<p>Apre il viaggio una visita a un&#8217;abitazione molto speciale: la&nbsp;<strong>Casa do Rio Vermelho<\/strong>, dove hanno vissuto il celebre scrittore&nbsp; <strong>Jorge Amado<\/strong>&nbsp;e sua moglie&nbsp;<strong>Zelia Gattai<\/strong>, ricevendo e frequentando artisti e intellettuali di tutto il mondo.&nbsp;Molto pi\u00f9 di un memoriale, la casa conserva gran parte degli oggetti e degli arredi originali e molte fotografie storiche, oltre a un ricco archivio di documenti cartacei e sonori, che testimoniano un importante periodo della cultura brasiliana e mondiale.<\/p>\n<p>La cittadina di&nbsp;<strong>Santo Amaro<\/strong>, dove le sonorit\u00e0 portoghesi si fusero con le percussioni degli schiavi neri, ha dato origine alla scintilla generatrice della musica brasiliana, come racconta&nbsp;<strong>Roberto Mendez<\/strong>, celebre etnomusicologo e compositore, o come testimoniano con straordinaria spontaneit\u00e0 i molti interpreti vocali e le&nbsp;sambadeiras&nbsp;che a tutte le et\u00e0 &#8220;vivono&#8221; il samba di Santo Amaro. In questo luogo sorge anche la casa di&nbsp;<strong>Dona Can\u00f4<\/strong>, una vera personalit\u00e0 per il Brasile: morta a 105 anni, fra i suoi otto figli c&#8217;erano anche due giganti della musica come&nbsp;<strong>Caetano Veloso<\/strong>&nbsp;e&nbsp;<strong>Maria Beth\u00e2nia<\/strong>. E noi siamo entrati nella loro casa natale e abbiamo incontrato il fratello Rodrigo.<\/p>\n<p>Salvador ha un&nbsp;<strong>Carnevale<\/strong>&nbsp;che affonda le radici nella storia del Brasile e da molti \u00e8 considerato il pi\u00f9 autentico del paese. I gruppi che compongono la parata del Carnevale hanno storie antiche e tutte diverse, spesso legate a fatti storici o a movimenti di opinione. Vale per gli&nbsp;<strong>Olodum<\/strong>, molto noti anche in Italia. Di questo celebre gruppo musicale, da sempre impegnato in ambito politico e sociale, abbiamo vissuto un memorabile concerto celebrativo e visitato la scuola di formazione, nel cuore della citt\u00e0 di Salvador, il<strong>&nbsp;Pelourinho<\/strong>.<\/p>\n<p>In Brasile esistono le favelas ma anche molti esempi di valorizzazione degli spazi e di servizio alla popolazione. Ne abbiamo visitati alcuni, fra cui i&nbsp;<strong>Quilombos Boa Morte<\/strong> e <strong>Sao Felix&nbsp;a&nbsp;Cachoeira<\/strong>, fondati dai discendenti degli schiavi liberati e volti a realizzare l&#8217;autosufficienza produttiva e logistica di una popolazione di molte migliaia di abitanti, che hanno addirittura la loro moneta, il&nbsp;<strong>Sururu<\/strong>; la a scuola di capoeira e le attivit\u00e0 comunitarie sull&#8217;isola di&nbsp;<strong>Itaparica<\/strong>; il progetto della&nbsp;<strong>Institui\u00e7\u00e3o Beneficente<\/strong> <strong>Concei\u00e7\u00e3o Macedo<\/strong>, nel quartiere di&nbsp;<strong>Alagados&nbsp;<\/strong>a Salvador, che aiuta le famiglie e offre ai bambini strutture e attivit\u00e0 didattiche che li tengono lontani dalla strada.<\/p>\n<p><strong>Carlinhos Brown<\/strong>, musicista di fama mondiale, \u00e8 a sua volta cresciuto in un quartiere difficile di Salvador, il&nbsp;<strong>Candeal<\/strong>. Per questo dedica da anni tempo e risorse al recupero del quartiere, che si \u00e8 riqualificato al punto che la percentuale di violenza \u00e8 drasticamente diminuita. Lo abbiamo incontrato e, in una conversazione in esclusiva per&nbsp;<strong>Radio Popolare<\/strong>, ci ha raccontato la sua visione del mondo.&nbsp;<\/p>\n<p>E anche la grande&nbsp;<strong>Margareth Menezes&nbsp;<\/strong>da tempo patrocina e promuove un progetto culturale dedicato alle&nbsp;<strong>Ganhadeiras&nbsp;de Itapu\u00e3<\/strong>, che abbiamo visto cantare e danzare con le loro famiglie nel centro culturale che organizza le loro attivit\u00e0.<br \/>\n&nbsp;<br \/>\nNegli ultimi anni,&nbsp;<strong>Salvador de Bahia<\/strong>&nbsp;\u00e8 stata oggetto di una vasta riqualificazione urbana e ambientale, visibile soprattutto sul litorale e nella&nbsp;<strong>Bahia de Todos os Santos<\/strong>, come ci ha spiegato il&nbsp;<strong>Segretario al Turismo,&nbsp;Jos\u00e9 Alves<\/strong>&nbsp;, che abbiamo incontrato per farci raccontare l&#8217;idea di turismo sostenibile che l&#8217;amministrazione pubblica sta promuovendo.<\/p>\n<p>Ma&nbsp;<strong>Salvador de Bahia<\/strong>&nbsp;\u00e8 una infinita fonte di meraviglia: dai colori vivaci delle case antiche, al cibo che mescola sapori e profumi del mondo, dalla ipnotica spiritualit\u00e0 che nasce dalla fusione dei culti africani e cristiani nei riti del&nbsp;<strong>Candombl\u00e9<\/strong>, agli splendidi musei e alle chiese monumentali, per non dire delle lunghissime spiagge sull&#8217;oceano.<\/p>\n<p>Una destinazione indimenticabile, che&nbsp;<strong>Radio Popolare<\/strong>&nbsp;vi propone secondo la sua consueta filosofia di viaggio, alla scoperta di un Brasile autentico e contemporaneo e dei suoi protagonisti culturali. Foto di <b>Franca.<\/b><\/p>\nngg_shortcode_0_placeholder\n<p>Ascolta il podcast: <\/p>\n","protected":false},"excerpt":{"rendered":"<p>Un viaggio dentro il cuore del samba e della tradizione afrobrasiliana:&nbsp;Salvador de Bahia.&nbsp;Monica Paes&nbsp;e&nbsp;Ira Rubini&nbsp;compongono un diario (quasi) cronologico del percorso compiuto con un gruppo di fantastici ascoltatori di&nbsp;Radio Popolare&nbsp;alla scoperta del Brasile pi\u00f9 autentico e contemporaneo, sotto la guida irresistibile di&nbsp;Miriam da Silva. Apre il viaggio una visita a un&#8217;abitazione molto speciale: la&nbsp;Casa do &hellip; <a href=\"https:\/\/onderoad.radiopopolare.it\/?p=3043\" class=\"more-link\">Continua a leggere <span class=\"screen-reader-text\">Salvador de Bahia : il cuore afro del Brasile<\/span><\/a><\/p>\n","protected":false},"author":2,"featured_media":0,"comment_status":"open","ping_status":"open","sticky":false,"template":"","format":"standard","meta":{"ngg_post_thumbnail":0,"footnotes":""},"categories":[1],"tags":[],"class_list":["post-3043","post","type-post","status-publish","format-standard","hentry","category-uncategorized","without-featured-image"],"_links":{"self":[{"href":"https:\/\/onderoad.radiopopolare.it\/index.php?rest_route=\/wp\/v2\/posts\/3043","targetHints":{"allow":["GET"]}}],"collection":[{"href":"https:\/\/onderoad.radiopopolare.it\/index.php?rest_route=\/wp\/v2\/posts"}],"about":[{"href":"https:\/\/onderoad.radiopopolare.it\/index.php?rest_route=\/wp\/v2\/types\/post"}],"author":[{"embeddable":true,"href":"https:\/\/onderoad.radiopopolare.it\/index.php?rest_route=\/wp\/v2\/users\/2"}],"replies":[{"embeddable":true,"href":"https:\/\/onderoad.radiopopolare.it\/index.php?rest_route=%2Fwp%2Fv2%2Fcomments&post=3043"}],"version-history":[{"count":8,"href":"https:\/\/onderoad.radiopopolare.it\/index.php?rest_route=\/wp\/v2\/posts\/3043\/revisions"}],"predecessor-version":[{"id":3076,"href":"https:\/\/onderoad.radiopopolare.it\/index.php?rest_route=\/wp\/v2\/posts\/3043\/revisions\/3076"}],"wp:attachment":[{"href":"https:\/\/onderoad.radiopopolare.it\/index.php?rest_route=%2Fwp%2Fv2%2Fmedia&parent=3043"}],"wp:term":[{"taxonomy":"category","embeddable":true,"href":"https:\/\/onderoad.radiopopolare.it\/index.php?rest_route=%2Fwp%2Fv2%2Fcategories&post=3043"},{"taxonomy":"post_tag","embeddable":true,"href":"https:\/\/onderoad.radiopopolare.it\/index.php?rest_route=%2Fwp%2Fv2%2Ftags&post=3043"}],"curies":[{"name":"wp","href":"https:\/\/api.w.org\/{rel}","templated":true}]}}