{"id":2525,"date":"2017-06-04T19:00:27","date_gmt":"2017-06-04T18:00:27","guid":{"rendered":"http:\/\/blogs.radiopopolare.it\/onderoad\/?p=2525"},"modified":"2017-06-08T19:07:25","modified_gmt":"2017-06-08T18:07:25","slug":"scoprire-le-marche","status":"publish","type":"post","link":"https:\/\/onderoad.radiopopolare.it\/?p=2525","title":{"rendered":"Scoprire le Marche"},"content":{"rendered":"<p><img loading=\"lazy\" decoding=\"async\" class=\"aligncenter size-large wp-image-2539\" src=\"http:\/\/blogs.radiopopolare.it\/onderoad\/wp-content\/uploads\/2017\/06\/01_Parco-Naturale-del-Monte-San-Bartolo-800x405.jpg\" alt=\"01_Parco Naturale del Monte San Bartolo\" width=\"620\" height=\"314\" srcset=\"https:\/\/onderoad.radiopopolare.it\/wp-content\/uploads\/2017\/06\/01_Parco-Naturale-del-Monte-San-Bartolo-800x405.jpg 800w, https:\/\/onderoad.radiopopolare.it\/wp-content\/uploads\/2017\/06\/01_Parco-Naturale-del-Monte-San-Bartolo-768x388.jpg 768w, https:\/\/onderoad.radiopopolare.it\/wp-content\/uploads\/2017\/06\/01_Parco-Naturale-del-Monte-San-Bartolo-751x380.jpg 751w, https:\/\/onderoad.radiopopolare.it\/wp-content\/uploads\/2017\/06\/01_Parco-Naturale-del-Monte-San-Bartolo.jpg 955w\" sizes=\"auto, (max-width: 620px) 100vw, 620px\" \/><\/p>\n<p style=\"text-align: justify;\">Economia rampante, stile conservatore. Le <strong>Marche<\/strong> sono la regione pi\u00f9 ottimista, quella in testa alle classifiche di inglesi e americani (il <strong>New York Times<\/strong> l&#8217;ha definita la regione dove &#8220;sopravvive l&#8217;Italia che non c&#8217;\u00e8 pi\u00f9&#8221;). Ha sedotto scrittori ed artisti come Enzo Cucchi e Tullio Pericoli che \u00e8 tornato a dipingere nella sua casa di Rosara, vicino ad Ascoli Piceno. Qualcuno parla di nuovo Rinascimento marchigiano&#8230; E nemmeno il terremoto \u00e8 riuscito a privare la gente di questa terra della loro voglia di vivere. E&#8217; per questo che abbiamo deciso di organizzare un viaggio targato Radio Popolare proprio nelle Marche. E di farlo nel periodo migliore , a cavallo tra primavera ed estate. La costola marchigiana di <a href=\"http:\/\/www.viaggiemiraggi.org\/marche-tour-castelli-montefeltro-radio-popolare\"><strong>Viaggi e Miraggi<\/strong> ha studiato un itinerario<\/a> che noi abbiamo integrato. Conosceremo cos\u00ec la <strong>Bicipolitana <\/strong>di Pesaro: una metropolitana di superficie, dove le rotaie sono i percorsi ciclabili e le carrozze le biciclette. Lo schema utilizzato \u00e8 quello delle metropolitane di tutto il mondo. Vi sono delle linee (gialla, rossa, verde, arancione\u2026.) che collegano diverse zone della citt\u00e0, permettendoti uno spostamento rapido, con zero spesa, zero inquinamento, zero stress. E con la certezza che sulla Bicipolitana di <strong>Pesaro<\/strong> non si perde neanche un bambino. Andremo a <strong>Ca\u2019 del Santo<\/strong>, una grande casa rurale del XII secolo, che sorge tra alberi monumentali e un\u2019ara preistorica, dove \u00e8 conservata l\u2019<strong>Arca dei Semi <\/strong>di \u201cCivilt\u00e0 Contadina\u201d, uno scrigno di biodiversit\u00e0 alimentare a livello europeo. Avremo un incontro (molto) ravvicinato con&nbsp;<strong>la<\/strong> <strong>cultura enogastronomica marchigiana<\/strong>, il risultato di diverse civilt\u00e0 e popolazioni che si sono succedute nel corso dei secoli e della mescolanza tra la tradizione contadina, fatta di ingredienti semplici e pasti frugali, e l\u2019opulenza dei banchetti di nobili e clero, dove l\u2019abbondanza e la ricercatezza dei cibi rappresentavano vere e proprie manifestazioni di potere. Le <strong>Marche <\/strong>sono una regione poco conosciuta dal punto di vista enogastronomico, eppure pu\u00f2 vantare una <strong>variet\u00e0 di prodotti tipici <\/strong>davvero straordinaria: ciauscolo, lonzino di fico, tacconi, cicerchia, vernaccia, vino cotto. La lista \u00e8 davvero lunga, e la scopriremo insieme ascoltando un brano del nuovo lavoro dei <strong>Gang<\/strong>&#8230;<\/p>\n<p><a href=\"http:\/\/www.civiltacontadina.it\/\">civiltacontadina.it<\/a>&nbsp;&#8211;&nbsp;<a href=\"http:\/\/www.viaggiemiraggi.org\">viaggiemiraggi.org<\/a><\/p>\nngg_shortcode_0_placeholder\n<p>Ascolta il podcast: <\/p>\n","protected":false},"excerpt":{"rendered":"<p>Economia rampante, stile conservatore. Le Marche sono la regione pi\u00f9 ottimista, quella in testa alle classifiche di inglesi e americani (il New York Times l&#8217;ha definita la regione dove &#8220;sopravvive l&#8217;Italia che non c&#8217;\u00e8 pi\u00f9&#8221;). Ha sedotto scrittori ed artisti come Enzo Cucchi e Tullio Pericoli che \u00e8 tornato a dipingere nella sua casa di &hellip; <a href=\"https:\/\/onderoad.radiopopolare.it\/?p=2525\" class=\"more-link\">Continua a leggere <span class=\"screen-reader-text\">Scoprire le Marche<\/span><\/a><\/p>\n","protected":false},"author":2,"featured_media":0,"comment_status":"open","ping_status":"open","sticky":false,"template":"","format":"standard","meta":{"ngg_post_thumbnail":0,"footnotes":""},"categories":[1],"tags":[633,634,635,631,632,135,152],"class_list":["post-2525","post","type-post","status-publish","format-standard","hentry","category-uncategorized","tag-arca-dei-semi","tag-cultura-enogastronomica-marchigiana","tag-gang","tag-marche","tag-pesaro","tag-radio-popolare","tag-viaggi-e-miraggi","without-featured-image"],"_links":{"self":[{"href":"https:\/\/onderoad.radiopopolare.it\/index.php?rest_route=\/wp\/v2\/posts\/2525","targetHints":{"allow":["GET"]}}],"collection":[{"href":"https:\/\/onderoad.radiopopolare.it\/index.php?rest_route=\/wp\/v2\/posts"}],"about":[{"href":"https:\/\/onderoad.radiopopolare.it\/index.php?rest_route=\/wp\/v2\/types\/post"}],"author":[{"embeddable":true,"href":"https:\/\/onderoad.radiopopolare.it\/index.php?rest_route=\/wp\/v2\/users\/2"}],"replies":[{"embeddable":true,"href":"https:\/\/onderoad.radiopopolare.it\/index.php?rest_route=%2Fwp%2Fv2%2Fcomments&post=2525"}],"version-history":[{"count":2,"href":"https:\/\/onderoad.radiopopolare.it\/index.php?rest_route=\/wp\/v2\/posts\/2525\/revisions"}],"predecessor-version":[{"id":2547,"href":"https:\/\/onderoad.radiopopolare.it\/index.php?rest_route=\/wp\/v2\/posts\/2525\/revisions\/2547"}],"wp:attachment":[{"href":"https:\/\/onderoad.radiopopolare.it\/index.php?rest_route=%2Fwp%2Fv2%2Fmedia&parent=2525"}],"wp:term":[{"taxonomy":"category","embeddable":true,"href":"https:\/\/onderoad.radiopopolare.it\/index.php?rest_route=%2Fwp%2Fv2%2Fcategories&post=2525"},{"taxonomy":"post_tag","embeddable":true,"href":"https:\/\/onderoad.radiopopolare.it\/index.php?rest_route=%2Fwp%2Fv2%2Ftags&post=2525"}],"curies":[{"name":"wp","href":"https:\/\/api.w.org\/{rel}","templated":true}]}}