{"id":233,"date":"2011-10-01T14:24:31","date_gmt":"2011-10-01T13:24:31","guid":{"rendered":"http:\/\/blogs.radiopopolare.it\/onderoad\/?p=233"},"modified":"2012-01-29T17:46:32","modified_gmt":"2012-01-29T16:46:32","slug":"la-ruta-dello-zenzero-2","status":"publish","type":"post","link":"https:\/\/onderoad.radiopopolare.it\/?p=233","title":{"rendered":"La ruta dello zenzero"},"content":{"rendered":"<p style=\"text-align: justify;\">Non solo mare nella Repubblica Dominicana. Il progetto Guariqu\u00e8n II (responsabile la Ong ICEI, controparte locale l\u2019Associazione San Benedetto del Porto), ovvero come, attraverso la creazione di una strada dello zenzero, si possa valorizzare la produzione agricola locale e, nel contempo, implementare il circuito di turismo sostenibile. Il tutto sulle montagne alle spalle di Las Galeras, il finisterre della penisola di Saman\u00e0. E\u2019 una localit\u00e0 che ha vissuto gli onori della cronaca italiota perch\u00e9 \u00e8 stata la location dell\u2019isola dei famosi. Ma la ns escursione non prevede un pellegrinaggio nei luoghi del fatidico litigio tra Antonella Elia ed Aida Iespica. Porta sulla loma, per un bed &amp; breakfast nelle case dei campesinos che coltivano lo zenzero\u2026<\/p>\n<h3>Link utili:<\/h3>\n<p><a href=\"http:\/\/www.icei.it\">www.icei.it<\/a> &#8211;\u00a0 <a href=\"http:\/\/dominicanrepublic.com\/index.php\">www.godominicananrepublic.com<\/a><\/p>\nngg_shortcode_0_placeholder\n<p>&nbsp;<\/p>\n<h3>Ascolta il podcast: <\/h3>\n","protected":false},"excerpt":{"rendered":"<p>Non solo mare nella Repubblica Dominicana. Il progetto Guariqu\u00e8n II (responsabile la Ong ICEI, controparte locale l\u2019Associazione San Benedetto del Porto), ovvero come, attraverso la creazione di una strada dello zenzero, si possa valorizzare la produzione agricola locale e, nel contempo, implementare il circuito di turismo sostenibile. Il tutto sulle montagne alle spalle di Las &hellip; <a href=\"https:\/\/onderoad.radiopopolare.it\/?p=233\" class=\"more-link\">Continua a leggere <span class=\"screen-reader-text\">La ruta dello zenzero<\/span><\/a><\/p>\n","protected":false},"author":2,"featured_media":0,"comment_status":"open","ping_status":"open","sticky":false,"template":"","format":"standard","meta":{"ngg_post_thumbnail":0,"footnotes":""},"categories":[1],"tags":[],"class_list":["post-233","post","type-post","status-publish","format-standard","hentry","category-uncategorized","without-featured-image"],"_links":{"self":[{"href":"https:\/\/onderoad.radiopopolare.it\/index.php?rest_route=\/wp\/v2\/posts\/233","targetHints":{"allow":["GET"]}}],"collection":[{"href":"https:\/\/onderoad.radiopopolare.it\/index.php?rest_route=\/wp\/v2\/posts"}],"about":[{"href":"https:\/\/onderoad.radiopopolare.it\/index.php?rest_route=\/wp\/v2\/types\/post"}],"author":[{"embeddable":true,"href":"https:\/\/onderoad.radiopopolare.it\/index.php?rest_route=\/wp\/v2\/users\/2"}],"replies":[{"embeddable":true,"href":"https:\/\/onderoad.radiopopolare.it\/index.php?rest_route=%2Fwp%2Fv2%2Fcomments&post=233"}],"version-history":[{"count":7,"href":"https:\/\/onderoad.radiopopolare.it\/index.php?rest_route=\/wp\/v2\/posts\/233\/revisions"}],"predecessor-version":[{"id":249,"href":"https:\/\/onderoad.radiopopolare.it\/index.php?rest_route=\/wp\/v2\/posts\/233\/revisions\/249"}],"wp:attachment":[{"href":"https:\/\/onderoad.radiopopolare.it\/index.php?rest_route=%2Fwp%2Fv2%2Fmedia&parent=233"}],"wp:term":[{"taxonomy":"category","embeddable":true,"href":"https:\/\/onderoad.radiopopolare.it\/index.php?rest_route=%2Fwp%2Fv2%2Fcategories&post=233"},{"taxonomy":"post_tag","embeddable":true,"href":"https:\/\/onderoad.radiopopolare.it\/index.php?rest_route=%2Fwp%2Fv2%2Ftags&post=233"}],"curies":[{"name":"wp","href":"https:\/\/api.w.org\/{rel}","templated":true}]}}