{"id":1582,"date":"2015-09-27T15:00:51","date_gmt":"2015-09-27T14:00:51","guid":{"rendered":"http:\/\/blogs.radiopopolare.it\/onderoad\/?p=1582"},"modified":"2015-10-01T09:46:48","modified_gmt":"2015-10-01T08:46:48","slug":"il-sertao-dei-cangaceiros-e-di-padre-cicero","status":"publish","type":"post","link":"https:\/\/onderoad.radiopopolare.it\/?p=1582","title":{"rendered":"Il sert\u00e3o dei cangaceiros e di padre Cicero"},"content":{"rendered":"<p style=\"text-align: justify;\"><img loading=\"lazy\" decoding=\"async\" class=\"aligncenter size-full wp-image-1583\" src=\"http:\/\/blogs.radiopopolare.it\/onderoad\/wp-content\/uploads\/2015\/10\/sertao-casa-flamboyant.jpg\" alt=\"sertao casa flamboyant\" width=\"600\" height=\"370\" \/><\/p>\n<p style=\"text-align: justify;\">Il <strong>sert\u00e3o<\/strong> \u00e8 una regione semi-arida del <strong>Brasile<\/strong> che include molti stati del nord est: da quello di Bahia al Pernambuco, dal Cear\u00e0 al Piau\u00ec. E\u2019 costituito prevalentemente da bassopiani, piazzati ad una altitudine compresa tra 200 e 500 metri sul livello del mare. Qui regna la <strong>caatinga<\/strong>, un bioma unico del Nordeste brasiliano che deve il nome alla colorazione chiara delle piante che la compongono: caa (foresta)+ tinga (bianca). Dalla met\u00e0 seconda met\u00e0 del XIX secolo \u00e8 stata terra di banditi, come Virgulino Ferreira da Silva, conosciuto da tutti come Lampi\u00e3o. Della sua donna Maria Gomes de Oliveira, detta\u00a0Maria Bonita (Maria la bella). E di strani \u2018santi\u2019 come <strong>Padre Cicero<\/strong>, il Padre Pio del sert\u00e3o. Erano gli anni dell\u2019epopea dei \u00ab<strong>cangaceiros<\/strong>\u00bb, i briganti brasiliani che divennero leggendari e spietati idoli popolari. Allo loro esperienza \u00e8 legato il termine canga\u00e7o, che identifica un movimento sociale, le cui motivazioni e cause sono da ricercarsi nelle particolari condizioni socio-politico-economiche in cui si trovava il nordest del Brasile in quegli anni. Ebbe personaggi che assunsero un rilievo persino leggendario e che si guadagnarono un certo appoggio da parte della popolazione, che vedeva nei cangaceiros l&#8217;unica possibilit\u00e0 di proteggersi dallo strapotere dei grandi latifondisti, i cosiddetti Coroneis (Colonnelli). Il brigantaggio praticamente fin\u00ec con la morte dei due capi storici, Lampiao e Corisco. Entrambi dopo la decapitazione furono portati in giro per le citt\u00e0 di Bahia, del Pernambuco, di Alagoas e del Sergipe e solo nel 1969 i resti dei due banditi furono pietosamente sepolti. Oggi nel sertao, oltre a decine di leggende, sopravvive la \u2018moda\u2019 lanciata da Lampi\u00e3o e soci: abbigliamento di cuoio, cartucciere a tracolla, gilet ricamato, gambali e cappello a feluca, abbellito da stelle e croci.<\/p>\n<p><em>(Un grazie particolare a Jos\u00e8 Louiz del Roio per la collaborazione)<\/em><\/p>\n<p><\/p>\nngg_shortcode_0_placeholder\n","protected":false},"excerpt":{"rendered":"<p>Il sert\u00e3o \u00e8 una regione semi-arida del Brasile che include molti stati del nord est: da quello di Bahia al Pernambuco, dal Cear\u00e0 al Piau\u00ec. E\u2019 costituito prevalentemente da bassopiani, piazzati ad una altitudine compresa tra 200 e 500 metri sul livello del mare. Qui regna la caatinga, un bioma unico del Nordeste brasiliano che &hellip; <a href=\"https:\/\/onderoad.radiopopolare.it\/?p=1582\" class=\"more-link\">Continua a leggere <span class=\"screen-reader-text\">Il sert\u00e3o dei cangaceiros e di padre Cicero<\/span><\/a><\/p>\n","protected":false},"author":2,"featured_media":0,"comment_status":"open","ping_status":"open","sticky":false,"template":"","format":"standard","meta":{"ngg_post_thumbnail":0,"footnotes":""},"categories":[1],"tags":[376,377,379,380,382,381,378,375],"class_list":["post-1582","post","type-post","status-publish","format-standard","hentry","category-uncategorized","tag-brasile","tag-caatinga","tag-cangaceiros","tag-cangaco","tag-corisco","tag-lampiao","tag-padre-cicero","tag-sertao","without-featured-image"],"_links":{"self":[{"href":"https:\/\/onderoad.radiopopolare.it\/index.php?rest_route=\/wp\/v2\/posts\/1582","targetHints":{"allow":["GET"]}}],"collection":[{"href":"https:\/\/onderoad.radiopopolare.it\/index.php?rest_route=\/wp\/v2\/posts"}],"about":[{"href":"https:\/\/onderoad.radiopopolare.it\/index.php?rest_route=\/wp\/v2\/types\/post"}],"author":[{"embeddable":true,"href":"https:\/\/onderoad.radiopopolare.it\/index.php?rest_route=\/wp\/v2\/users\/2"}],"replies":[{"embeddable":true,"href":"https:\/\/onderoad.radiopopolare.it\/index.php?rest_route=%2Fwp%2Fv2%2Fcomments&post=1582"}],"version-history":[{"count":1,"href":"https:\/\/onderoad.radiopopolare.it\/index.php?rest_route=\/wp\/v2\/posts\/1582\/revisions"}],"predecessor-version":[{"id":1602,"href":"https:\/\/onderoad.radiopopolare.it\/index.php?rest_route=\/wp\/v2\/posts\/1582\/revisions\/1602"}],"wp:attachment":[{"href":"https:\/\/onderoad.radiopopolare.it\/index.php?rest_route=%2Fwp%2Fv2%2Fmedia&parent=1582"}],"wp:term":[{"taxonomy":"category","embeddable":true,"href":"https:\/\/onderoad.radiopopolare.it\/index.php?rest_route=%2Fwp%2Fv2%2Fcategories&post=1582"},{"taxonomy":"post_tag","embeddable":true,"href":"https:\/\/onderoad.radiopopolare.it\/index.php?rest_route=%2Fwp%2Fv2%2Ftags&post=1582"}],"curies":[{"name":"wp","href":"https:\/\/api.w.org\/{rel}","templated":true}]}}