{"id":1164,"date":"2014-11-02T21:00:12","date_gmt":"2014-11-02T20:00:12","guid":{"rendered":"http:\/\/blogs.radiopopolare.it\/onderoad\/?p=1164"},"modified":"2018-06-18T13:30:05","modified_gmt":"2018-06-18T12:30:05","slug":"a-istanbul-con-radio-popolare","status":"publish","type":"post","link":"https:\/\/onderoad.radiopopolare.it\/?p=1164","title":{"rendered":"A Istanbul con Radio Popolare"},"content":{"rendered":"<p><img loading=\"lazy\" decoding=\"async\" class=\"aligncenter size-medium wp-image-1166\" src=\"http:\/\/blogs.radiopopolare.it\/onderoad\/wp-content\/uploads\/2014\/11\/ISTANBUL-Fener-ott-2014-004-800x429.jpg\" alt=\"ISTANBUL Fener ott 2014 004\" width=\"800\" height=\"429\"><\/p>\n<p><strong>Un viaggio a Istanbul con 36 ascoltatori di Radio Popolare. Cinque giorni di full immersion in una metropoli frenetica e in continua evoluzione.<\/strong><\/p>\n<p style=\"text-align: justify;\">Il concerto \/ cena \/ dibattito alla \u2018Casa Verde\u2019 (Yesil Evi): un centro culturale all\u2019ultimo piano di un palazzo dalle parti di Piazza Taxim. L\u2019occasione per farsi raccontare che fine ha fatto il movimento di Gezi Park e per apprezzare la musica dei Kara G\u00fcnes. La visita dei quartieri di Fener e Balat, quartieri storicamente meticci, religiosamente e culturalmente, che stanno diventando enclave di fondamentalisti islamici. Il Museo d\u2019arte moderna e quello di Orhan Pamuk (Museo dell\u2019innocenza). Lo splendore della moschea di Rustem Pasha e la \u2018rivoluzione contemporanea\u2019 della Moschea Sakirin. I binari morti della stazione ferroviaria di Haydarpa\u015fa, un contraltare neoclassico alle moschee della costa asiatica di \u00dcsk\u00fcdar. Il mercato organico di Sisli e le infinite bancarelle del Gran Bazar. I cortei dei curdi per i fratelli di Kobane e la visita notturna di Ortak\u00f6y, uno degli angoli pi\u00f9 romantici di Istanbul. E poi le cene nelle meyhane di Beyoglu. Le bevute di raki e di ayran.&nbsp; I tram, la nuova metropolitana, le lunghe camminate. La simpatia di Yudum, la nostra guida, e la pazienza di Francesca, l\u2019accompagnatrice di Viaggi e Miraggi. E la scoperta che Istanbul ha una sua piccola Radio Popolare: la trovate sui 94.9 di A\u00e7ik Radyo\u2026<\/p>\n<p><\/p>\nngg_shortcode_0_placeholder\n","protected":false},"excerpt":{"rendered":"<p>Un viaggio a Istanbul con 36 ascoltatori di Radio Popolare. Cinque giorni di full immersion in una metropoli frenetica e in continua evoluzione. Il concerto \/ cena \/ dibattito alla \u2018Casa Verde\u2019 (Yesil Evi): un centro culturale all\u2019ultimo piano di un palazzo dalle parti di Piazza Taxim. L\u2019occasione per farsi raccontare che fine ha fatto &hellip; <a href=\"https:\/\/onderoad.radiopopolare.it\/?p=1164\" class=\"more-link\">Continua a leggere <span class=\"screen-reader-text\">A Istanbul con Radio Popolare<\/span><\/a><\/p>\n","protected":false},"author":2,"featured_media":0,"comment_status":"open","ping_status":"open","sticky":false,"template":"","format":"standard","meta":{"ngg_post_thumbnail":0,"footnotes":""},"categories":[1],"tags":[151,140,150,139,137,147,145,134,138,148,144,141,142,149,135,143,146,153,152,136],"class_list":["post-1164","post","type-post","status-publish","format-standard","hentry","category-uncategorized","tag-acik-radyo","tag-balat","tag-beyoglu","tag-fener","tag-gezi-park","tag-gran-bazar","tag-haydarpasa","tag-istanbul","tag-kara-gunes","tag-kobane","tag-moschea-sakirin","tag-museo-darte-moderna","tag-orhan-pamuk","tag-ortakoy","tag-radio-popolare","tag-rustem-pasha","tag-sisli","tag-uskudar","tag-viaggi-e-miraggi","tag-yesil-evi","without-featured-image"],"_links":{"self":[{"href":"https:\/\/onderoad.radiopopolare.it\/index.php?rest_route=\/wp\/v2\/posts\/1164","targetHints":{"allow":["GET"]}}],"collection":[{"href":"https:\/\/onderoad.radiopopolare.it\/index.php?rest_route=\/wp\/v2\/posts"}],"about":[{"href":"https:\/\/onderoad.radiopopolare.it\/index.php?rest_route=\/wp\/v2\/types\/post"}],"author":[{"embeddable":true,"href":"https:\/\/onderoad.radiopopolare.it\/index.php?rest_route=\/wp\/v2\/users\/2"}],"replies":[{"embeddable":true,"href":"https:\/\/onderoad.radiopopolare.it\/index.php?rest_route=%2Fwp%2Fv2%2Fcomments&post=1164"}],"version-history":[{"count":4,"href":"https:\/\/onderoad.radiopopolare.it\/index.php?rest_route=\/wp\/v2\/posts\/1164\/revisions"}],"predecessor-version":[{"id":3029,"href":"https:\/\/onderoad.radiopopolare.it\/index.php?rest_route=\/wp\/v2\/posts\/1164\/revisions\/3029"}],"wp:attachment":[{"href":"https:\/\/onderoad.radiopopolare.it\/index.php?rest_route=%2Fwp%2Fv2%2Fmedia&parent=1164"}],"wp:term":[{"taxonomy":"category","embeddable":true,"href":"https:\/\/onderoad.radiopopolare.it\/index.php?rest_route=%2Fwp%2Fv2%2Fcategories&post=1164"},{"taxonomy":"post_tag","embeddable":true,"href":"https:\/\/onderoad.radiopopolare.it\/index.php?rest_route=%2Fwp%2Fv2%2Ftags&post=1164"}],"curies":[{"name":"wp","href":"https:\/\/api.w.org\/{rel}","templated":true}]}}